{"id":1715,"date":"2026-03-15T07:15:11","date_gmt":"2026-03-15T07:15:11","guid":{"rendered":"https:\/\/unjourunbebe.com\/blog\/racines-fete-grands-meres\/"},"modified":"2026-03-15T07:15:11","modified_gmt":"2026-03-15T07:15:11","slug":"racines-fete-grands-meres","status":"publish","type":"post","link":"https:\/\/unjourunbebe.com\/blog\/racines-fete-grands-meres\/","title":{"rendered":"Les racines historiques de la F\u00eate des Grands-M\u00e8res : Un hommage chaleureux aux a\u00efeules"},"content":{"rendered":"<p>En bref :<\/p>\n\n<ul class=\"wp-block-list\"><li><strong>La F\u00eate des Grands-M\u00e8res<\/strong> est une c\u00e9l\u00e9bration devenue un moment cl\u00e9 pour exprimer l\u2019amour interg\u00e9n\u00e9rationnel et renforcer la tradition familiale.<\/li><li>Cr\u00e9\u00e9e en 1987 \u00e0 des fins commerciales, elle s\u2019est impos\u00e9e comme un v\u00e9ritable hommage aux a\u00efeules dans le patrimoine culturel fran\u00e7ais.<\/li><li>La m\u00e9moire familiale et la g\u00e9n\u00e9alogie jouent un r\u00f4le fondamental dans cette f\u00eate, rappelant l\u2019importance des racines historiques des grands-m\u00e8res.<\/li><li>Partout dans le monde, des variantes de cette c\u00e9l\u00e9bration mettent en lumi\u00e8re la place pr\u00e9cieuse des grands-parents, dans un \u00e9lan universel d\u2019affection et de respect.<\/li><li>Des initiatives citoyennes r\u00e9centes, telles que \u00ab\u00a01 lettre 1 sourire\u00a0\u00bb, illustrent comment cette f\u00eate peut aussi se traduire par un engagement social et un soutien aux a\u00een\u00e9s.<\/li><\/ul>\n\n<div id=\"ez-toc-container\" class=\"ez-toc-v2_0_82_2 counter-hierarchy ez-toc-counter ez-toc-grey ez-toc-container-direction\">\n<div class=\"ez-toc-title-container\">\n<p class=\"ez-toc-title\" style=\"cursor:inherit\">Sommaire<\/p>\n<span class=\"ez-toc-title-toggle\"><a href=\"#\" class=\"ez-toc-pull-right ez-toc-btn ez-toc-btn-xs ez-toc-btn-default ez-toc-toggle\" aria-label=\"Toggle Table of Content\"><span class=\"ez-toc-js-icon-con\"><span class=\"\"><span class=\"eztoc-hide\" style=\"display:none;\">Toggle<\/span><span class=\"ez-toc-icon-toggle-span\"><svg style=\"fill: #999;color:#999\" xmlns=\"http:\/\/www.w3.org\/2000\/svg\" class=\"list-377408\" width=\"20px\" height=\"20px\" viewBox=\"0 0 24 24\" fill=\"none\"><path d=\"M6 6H4v2h2V6zm14 0H8v2h12V6zM4 11h2v2H4v-2zm16 0H8v2h12v-2zM4 16h2v2H4v-2zm16 0H8v2h12v-2z\" fill=\"currentColor\"><\/path><\/svg><svg style=\"fill: #999;color:#999\" class=\"arrow-unsorted-368013\" xmlns=\"http:\/\/www.w3.org\/2000\/svg\" width=\"10px\" height=\"10px\" viewBox=\"0 0 24 24\" version=\"1.2\" baseProfile=\"tiny\"><path d=\"M18.2 9.3l-6.2-6.3-6.2 6.3c-.2.2-.3.4-.3.7s.1.5.3.7c.2.2.4.3.7.3h11c.3 0 .5-.1.7-.3.2-.2.3-.5.3-.7s-.1-.5-.3-.7zM5.8 14.7l6.2 6.3 6.2-6.3c.2-.2.3-.5.3-.7s-.1-.5-.3-.7c-.2-.2-.4-.3-.7-.3h-11c-.3 0-.5.1-.7.3-.2.2-.3.5-.3.7s.1.5.3.7z\"\/><\/svg><\/span><\/span><\/span><\/a><\/span><\/div>\n<nav><ul class='ez-toc-list ez-toc-list-level-1 eztoc-toggle-hide-by-default' ><li class='ez-toc-page-1 ez-toc-heading-level-2'><a class=\"ez-toc-link ez-toc-heading-1\" href=\"https:\/\/unjourunbebe.com\/blog\/racines-fete-grands-meres\/#Les_origines_singulieres_de_la_Fete_des_Grands-Meres_entre_commerce_et_nostalgie\" >Les origines singuli\u00e8res de la F\u00eate des Grands-M\u00e8res : entre commerce et nostalgie<\/a><\/li><li class='ez-toc-page-1 ez-toc-heading-level-2'><a class=\"ez-toc-link ez-toc-heading-2\" href=\"https:\/\/unjourunbebe.com\/blog\/racines-fete-grands-meres\/#Un_hommage_aux_aieules_la_place_essentielle_des_grands-meres_dans_la_memoire_et_la_genealogie\" >Un hommage aux a\u00efeules : la place essentielle des grands-m\u00e8res dans la m\u00e9moire et la g\u00e9n\u00e9alogie<\/a><\/li><li class='ez-toc-page-1 ez-toc-heading-level-2'><a class=\"ez-toc-link ez-toc-heading-3\" href=\"https:\/\/unjourunbebe.com\/blog\/racines-fete-grands-meres\/#La_Fete_des_Grands-Meres_dans_le_monde_diversite_et_similitudes_au_fil_des_cultures\" >La F\u00eate des Grands-M\u00e8res dans le monde : diversit\u00e9 et similitudes au fil des cultures<\/a><\/li><li class='ez-toc-page-1 ez-toc-heading-level-2'><a class=\"ez-toc-link ez-toc-heading-4\" href=\"https:\/\/unjourunbebe.com\/blog\/racines-fete-grands-meres\/#Un_geste_simple_pour_exprimer_un_amour_intergenerationnel_cadeaux_visites_et_mots_du_coeur\" >Un geste simple pour exprimer un amour interg\u00e9n\u00e9rationnel : cadeaux, visites et mots du c\u0153ur<\/a><\/li><li class='ez-toc-page-1 ez-toc-heading-level-2'><a class=\"ez-toc-link ez-toc-heading-5\" href=\"https:\/\/unjourunbebe.com\/blog\/racines-fete-grands-meres\/#Lengagement_social_autour_de_la_Fete_des_Grands-Meres_au-dela_de_la_tradition_familiale\" >L\u2019engagement social autour de la F\u00eate des Grands-M\u00e8res : au-del\u00e0 de la tradition familiale<\/a><\/li><\/ul><\/nav><\/div>\n<h2 class=\"wp-block-heading\"><span class=\"ez-toc-section\" id=\"Les_origines_singulieres_de_la_Fete_des_Grands-Meres_entre_commerce_et_nostalgie\"><\/span>Les origines singuli\u00e8res de la F\u00eate des Grands-M\u00e8res : entre commerce et nostalgie<span class=\"ez-toc-section-end\"><\/span><\/h2>\n\n<p>La F\u00eate des Grands-M\u00e8res, telle qu\u2019elle est connue aujourd\u2019hui, puise ses racines dans une d\u00e9marche originale m\u00ealant strat\u00e9gie commerciale et hommage symbolique. Institu\u00e9e en 1987 par la marque de caf\u00e9 \u00ab\u00a0Caf\u00e9 Grand&rsquo;M\u00e8re\u00a0\u00bb, cette c\u00e9l\u00e9bration a trouv\u00e9 rapidement sa place dans le paysage culturel fran\u00e7ais. L\u2019initiative, n\u00e9e d\u2019un souhait de rapprocher les g\u00e9n\u00e9rations autour d\u2019un sentiment d\u2019affection et de reconnaissance, se prolonge encore aujourd\u2019hui dans des gestes simples comme offrir un bouquet ou concocter un cadeau fait-main.<\/p>\n\n<p>Cette cr\u00e9ation r\u00e9cente doit cependant \u00eatre replac\u00e9e dans un contexte bien plus ancien, marqu\u00e9 par la transmission orale de souvenirs et la v\u00e9n\u00e9ration des a\u00efeules dans les familles. L\u2019acte d\u2019honorer les grands-m\u00e8res ne se r\u00e9sume donc pas \u00e0 une op\u00e9ration commerciale, mais s\u2019inscrit dans une tradition familiale profond\u00e9ment ancr\u00e9e o\u00f9 la m\u00e9moire collective joue un r\u00f4le de ciment social. Ainsi, chaque premier dimanche de mars, moment choisi pour sa douceur printani\u00e8re, devient une opportunit\u00e9 pour renouer avec ces liens empreints d\u2019une double tendresse : celle du pass\u00e9 et celle du pr\u00e9sent.<\/p>\n\n<p>Le choix de la date, fixe mais non officialis\u00e9e par une institution nationale, garantit \u00e0 cette c\u00e9l\u00e9bration une flexibilit\u00e9 propice \u00e0 une r\u00e9ception chaleureuse dans les foyers, invitant chacun \u00e0 s\u2019approprier cette occasion selon ses propres codes affectifs. Le rituel prend alors des formes vari\u00e9es, entre appels t\u00e9l\u00e9phoniques d\u2019affection, visites entour\u00e9es d\u2019attentions, et gestes ponctuels qui t\u00e9moignent de l\u2019amour filial.<\/p>\n\n<p>Si l\u2019on consid\u00e8re l\u2019approche d\u2019une sage-femme et experte en psychologie du d\u00e9veloppement infantile, cette f\u00eate vient aussi valoriser le r\u00f4le fondamental des grands-m\u00e8res dans le r\u00e9seau familial \u00e9largi, notamment dans la transmission de savoirs affectifs et \u00e9ducatifs qui influencent les racines affectives des plus jeunes g\u00e9n\u00e9rations. L\u2019interaction avec les a\u00efeules participe ainsi \u00e0 la construction d\u2019un lien s\u00e9curisant, favorisant un \u00e9quilibre \u00e9motionnel b\u00e9n\u00e9fique.<\/p>\n\n<figure class=\"wp-block-image size-full\"><img loading=\"lazy\" decoding=\"async\" width=\"1344\" height=\"768\" src=\"https:\/\/unjourunbebe.com\/blog\/wp-content\/uploads\/2026\/03\/Les-racines-historiques-de-la-Fete-des-Grands-Meres-Un-hommage-chaleureux-aux-aieules-1.jpg\" alt=\"d\u00e9couvrez les origines historiques de la f\u00eate des grands-m\u00e8res et c\u00e9l\u00e9brez l&#039;amour et la sagesse des a\u00efeules \u00e0 travers un hommage chaleureux et \u00e9mouvant.\" class=\"wp-image-1714\" srcset=\"https:\/\/unjourunbebe.com\/blog\/wp-content\/uploads\/2026\/03\/Les-racines-historiques-de-la-Fete-des-Grands-Meres-Un-hommage-chaleureux-aux-aieules-1.jpg 1344w, https:\/\/unjourunbebe.com\/blog\/wp-content\/uploads\/2026\/03\/Les-racines-historiques-de-la-Fete-des-Grands-Meres-Un-hommage-chaleureux-aux-aieules-1-300x171.jpg 300w, https:\/\/unjourunbebe.com\/blog\/wp-content\/uploads\/2026\/03\/Les-racines-historiques-de-la-Fete-des-Grands-Meres-Un-hommage-chaleureux-aux-aieules-1-1024x585.jpg 1024w, https:\/\/unjourunbebe.com\/blog\/wp-content\/uploads\/2026\/03\/Les-racines-historiques-de-la-Fete-des-Grands-Meres-Un-hommage-chaleureux-aux-aieules-1-768x439.jpg 768w\" sizes=\"auto, (max-width: 1344px) 100vw, 1344px\" \/><\/figure>\n\n<h2 class=\"wp-block-heading\"><span class=\"ez-toc-section\" id=\"Un_hommage_aux_aieules_la_place_essentielle_des_grands-meres_dans_la_memoire_et_la_genealogie\"><\/span>Un hommage aux a\u00efeules : la place essentielle des grands-m\u00e8res dans la m\u00e9moire et la g\u00e9n\u00e9alogie<span class=\"ez-toc-section-end\"><\/span><\/h2>\n\n<p>Au-del\u00e0 de la port\u00e9e festive, la F\u00eate des Grands-M\u00e8res incarne un v\u00e9ritable hommage o\u00f9 se m\u00ealent m\u00e9moire familiale et g\u00e9n\u00e9alogie. Les grands-m\u00e8res occupent une place de pilier au c\u0153ur du foyer, v\u00e9ritables gardiennes des traditions et passeuses d\u2019un patrimoine immat\u00e9riel essentiel \u00e0 la coh\u00e9sion familiale.<\/p>\n\n<p>Chaque souvenir partag\u00e9, chaque histoire racont\u00e9e lors de moments interg\u00e9n\u00e9rationnels vient enrichir la toile d\u2019une g\u00e9n\u00e9alogie qui ne se limite pas \u00e0 l\u2019arbre g\u00e9n\u00e9alogique visible, mais englobe la richesse \u00e9motionnelle transmise d\u2019une g\u00e9n\u00e9ration \u00e0 l\u2019autre. Ces liens contribuent \u00e0 construire une identit\u00e9 familiale, stabilis\u00e9e par l\u2019appui d\u2019a\u00efeules qui incarnent les racines existentielles de chacun.  <\/p>\n\n<p>L\u2019importance de cet hommage peut se mesurer dans le regard port\u00e9 sur la vieillesse. Dans un monde o\u00f9 la jeunesse pr\u00e9domine souvent, reconna\u00eetre la sagesse et l\u2019exp\u00e9rience des grands-m\u00e8res, c\u2019est aussi poser une pierre \u00e0 l\u2019\u00e9difice du respect envers la transmission humaine. Cette reconnaissance trouve une r\u00e9sonance toute particuli\u00e8re dans les familles o\u00f9 la pr\u00e9sence physique ou affective de la grand-m\u00e8re conditionne un sentiment de s\u00e9curit\u00e9 affective pour les enfants.<\/p>\n\n<p>Au fil des d\u00e9cennies, des ouvrages et \u00e9tudes ont soulign\u00e9 le r\u00f4le apaisant et \u00e9ducatif des grands-m\u00e8res dans le d\u00e9veloppement des tout-petits. Leur voix douce, le ton rassurant et les gestes tendres participent \u00e0 un climat propice \u00e0 l\u2019\u00e9panouissement \u00e9motionnel. Honorer ces femmes lors de cette f\u00eate c\u2019est aussi valoriser ces dynamiques affectives qui fondent la tradition familiale.<\/p>\n\n<p>Il importe donc de consid\u00e9rer cette c\u00e9l\u00e9bration comme un temps privil\u00e9gi\u00e9, permettant \u00e0 chacun de renouer avec ses racines et d\u2019inscrire, au sein du patrimoine familial, la trace vivante d\u2019une pr\u00e9sence maternelle \u00e9largie. C\u2019est aussi un encouragement \u00e0 pr\u00e9server et transmettre ce capital affectif, garanti d\u2019une continuit\u00e9 pleine de sens.<\/p>\n\n<figure class=\"is-provider-youtube is-type-video wp-block-embed wp-block-embed-youtube wp-embed-aspect-16-9 wp-has-aspect-ratio\"><div class=\"wp-block-embed__wrapper\">\n<iframe loading=\"lazy\" title=\"Joyeuse F\u00eate des Grands-M\u00e8res 2025 - Hommage \u00e0 Josiane \ud83d\udc96\u2728\" width=\"1200\" height=\"675\" src=\"https:\/\/www.youtube.com\/embed\/Jct4ehpewzI?feature=oembed\" frameborder=\"0\" allow=\"accelerometer; autoplay; clipboard-write; encrypted-media; gyroscope; picture-in-picture; web-share\" referrerpolicy=\"strict-origin-when-cross-origin\" allowfullscreen><\/iframe>\n<\/div><\/figure>\n\n<h2 class=\"wp-block-heading\"><span class=\"ez-toc-section\" id=\"La_Fete_des_Grands-Meres_dans_le_monde_diversite_et_similitudes_au_fil_des_cultures\"><\/span>La F\u00eate des Grands-M\u00e8res dans le monde : diversit\u00e9 et similitudes au fil des cultures<span class=\"ez-toc-section-end\"><\/span><\/h2>\n\n<p>Si cette f\u00eate prend un relief tout particulier en France, elle n\u2019en demeure pas moins un ph\u00e9nom\u00e8ne aux dimensions internationales, relevant d\u2019une admiration universelle \u00e0 l\u2019\u00e9gard des a\u00een\u00e9s. Nombre de pays ont en effet adopt\u00e9 des modalit\u00e9s diff\u00e9rentes mais convergentes pour c\u00e9l\u00e9brer les grands-parents, renfor\u00e7ant ainsi un sentiment global d\u2019amour interg\u00e9n\u00e9rationnel.<\/p>\n\n<p>Par exemple, la Bulgarie c\u00e9l\u00e8bre ses grands-m\u00e8res lors du premier mercredi de d\u00e9cembre, tandis que la Pologne consacre deux journ\u00e9es distinctes en janvier pour honorer \u00e0 la fois les grands-m\u00e8res et les grands-p\u00e8res. Aux \u00c9tats-Unis et au Canada, cette c\u00e9l\u00e9bration, g\u00e9n\u00e9ralement conjointe aux deux figures, se d\u00e9roule le premier dimanche de septembre, cr\u00e9ant une parenth\u00e8se annuelle d\u00e9di\u00e9e au patrimoine familial et \u00e0 l\u2019affection partag\u00e9e autour des a\u00een\u00e9s.<\/p>\n\n<p>En Italie, le 2 octobre est r\u00e9serv\u00e9 \u00e0 la d\u00e9votion des grands-parents, date o\u00f9 un accent particulier est mis sur la transmission des valeurs et du savoir. Plus original encore, \u00e0 Ta\u00efwan, la f\u00eate a lieu le premier dimanche d\u2019ao\u00fbt, soulignant l\u2019importance universelle de ces relations tout en int\u00e9grant la culture locale.<\/p>\n\n<p>Cet \u00e9ventail d\u2019usages souligne combien la notion d\u2019a\u00efeules n\u2019est pas fig\u00e9e, mais bien au contraire vivante, constamment red\u00e9finie en fonction des besoins et des sensibilit\u00e9s culturelles. Il en d\u00e9coule une c\u00e9l\u00e9bration nourrie par la tradition familiale tout autant que par l\u2019adaptation aux contextes contemporains.<\/p>\n\n<p>Un regard bienveillant sur ces diff\u00e9rentes pratiques t\u00e9moigne d\u2019une volont\u00e9 commune : pr\u00e9server le patrimoine des relations humaines au sein des familles, quelle que soit leur configuration. Ainsi, comprendre cette diversit\u00e9 enrichit la perception de la F\u00eate des Grands-M\u00e8res comme un vecteur puissant d\u2019harmonie sociale, international et dynamique.<\/p>\n\n<figure class=\"is-provider-youtube is-type-video wp-block-embed wp-block-embed-youtube wp-embed-aspect-16-9 wp-has-aspect-ratio\"><div class=\"wp-block-embed__wrapper\">\n<iframe loading=\"lazy\" title=\"F\u00eate des Grands-M\u00e8res\" width=\"1200\" height=\"900\" src=\"https:\/\/www.youtube.com\/embed\/L6PT8ZyZTJ8?feature=oembed\" frameborder=\"0\" allow=\"accelerometer; autoplay; clipboard-write; encrypted-media; gyroscope; picture-in-picture; web-share\" referrerpolicy=\"strict-origin-when-cross-origin\" allowfullscreen><\/iframe>\n<\/div><\/figure>\n\n<h2 class=\"wp-block-heading\"><span class=\"ez-toc-section\" id=\"Un_geste_simple_pour_exprimer_un_amour_intergenerationnel_cadeaux_visites_et_mots_du_coeur\"><\/span>Un geste simple pour exprimer un amour interg\u00e9n\u00e9rationnel : cadeaux, visites et mots du c\u0153ur<span class=\"ez-toc-section-end\"><\/span><\/h2>\n\n<p>Lorsque la F\u00eate des Grands-M\u00e8res approche, les familles sont invit\u00e9es \u00e0 cultiver un moment d\u2019attention et de tendresse, incarnant l\u2019amour discret mais profond qui unit les g\u00e9n\u00e9rations. Si les fleurs et pr\u00e9sents trouvent naturellement leur place, la simplicit\u00e9 d\u2019un cadeau fait-main par les plus jeunes s\u2019inscrit souvent dans une symbolique puissante de transmission.<\/p>\n\n<p>Ces gestes, qu\u2019ils soient des bouquets d\u00e9licats, des cartes orn\u00e9es de dessins d\u2019enfants ou des t\u00e9moignages affectueux par t\u00e9l\u00e9phone, ont une port\u00e9e singuli\u00e8re dans le cadre d\u2019une tradition familiale. Ils concr\u00e9tisent un dialogue entre pass\u00e9 et pr\u00e9sent, lieu o\u00f9 la m\u00e9moire se fait vivante.<\/p>\n\n<p>Pour les parents, soutenir cette expression affective favorise une compr\u00e9hension plus fine du temps qui passe et de la place de l\u2019a\u00efeule. C\u2019est aussi une occasion de faire participer l\u2019enfant \u00e0 un acte d\u2019amour qui d\u00e9passe le jeu imm\u00e9diat, encourageant un lien sain et durable avec la figure grand-maternelle.<\/p>\n\n<p>Plus concr\u00e8tement, voici quelques id\u00e9es qui refl\u00e8tent bien cet esprit d\u2019hommage :<\/p>\n\n<ul class=\"wp-block-list\"><li>\u00c9crire une lettre ou un po\u00e8me \u00e9voquant des moments partag\u00e9s.<\/li><li>Pr\u00e9parer un g\u00e2teau ou un plat embl\u00e9matique, nourrissant de souvenirs.<\/li><li>Composer un album photo rassemblant des instants familiaux pr\u00e9cieux.<\/li><li>Offrir une plante aromatique, symbole de constance et d\u2019enracinement.<\/li><li>Organiser une journ\u00e9e \u00e0 th\u00e8me, favorisant l\u2019\u00e9change et la complicit\u00e9.<\/li><\/ul>\n\n<p>Ces exemples illustrent que le plus important n\u2019est pas la valeur mat\u00e9rielle, mais la richesse du lien tiss\u00e9 \u00e0 travers ces attentions, donnant lieu \u00e0 une c\u00e9l\u00e9bration \u00e0 la fois intime et porteuse de sens.<\/p>\n\n<figure class=\"wp-block-table\"><table>\n<thead>\n<tr>\n<th>Type de geste<\/th>\n<th>Symbolique<\/th>\n<th>Impact \u00e9motionnel<\/th>\n<\/tr>\n<\/thead>\n<tbody>\n<tr>\n<td>Offrir des fleurs<\/td>\n<td>Beaut\u00e9 \u00e9ph\u00e9m\u00e8re et renouvellement<\/td>\n<td>Exprime la tendresse et la d\u00e9licatesse<\/td>\n<\/tr>\n<tr>\n<td>Cadeau fait-main<\/td>\n<td>Cr\u00e9ativit\u00e9 et implication personnelle<\/td>\n<td>Renforce le lien affectif interg\u00e9n\u00e9rationnel<\/td>\n<\/tr>\n<tr>\n<td>Carte \u00e9crite<\/td>\n<td>Transmission de pens\u00e9es et \u00e9motions<\/td>\n<td>Valorise la m\u00e9moire familiale<\/td>\n<\/tr>\n<tr>\n<td>Visite en personne<\/td>\n<td>Pr\u00e9sence et temps partag\u00e9<\/td>\n<td>Consolide la relation de confiance<\/td>\n<\/tr>\n<tr>\n<td>Appel t\u00e9l\u00e9phonique<\/td>\n<td>Proximit\u00e9 malgr\u00e9 la distance<\/td>\n<td>Maintient la connexion \u00e9motionnelle<\/td>\n<\/tr>\n<\/tbody>\n<\/table><\/figure>\n\n<h2 class=\"wp-block-heading\"><span class=\"ez-toc-section\" id=\"Lengagement_social_autour_de_la_Fete_des_Grands-Meres_au-dela_de_la_tradition_familiale\"><\/span>L\u2019engagement social autour de la F\u00eate des Grands-M\u00e8res : au-del\u00e0 de la tradition familiale<span class=\"ez-toc-section-end\"><\/span><\/h2>\n\n<p>La c\u00e9l\u00e9bration des a\u00efeules s\u2019inscrit \u00e9galement dans une dimension citoyenne qui d\u00e9passe le simple cadre familial. L\u2019initiative \u00ab\u00a01 lettre 1 sourire\u00a0\u00bb, soutenue par \u00ab\u00a0Caf\u00e9 Grand\u2019M\u00e8re\u00a0\u00bb, illustre parfaitement cette dynamique. Lanc\u00e9e en 2020, cette d\u00e9marche vise \u00e0 briser l\u2019isolement des seniors en leur offrant, par le biais de courriers, des sourires et un rappel tangible de leur place pr\u00e9cieuse dans la soci\u00e9t\u00e9.<\/p>\n\n<p>Ce projet a permis de distribuer plus d\u2019un million de lettres dans des \u00e9tablissements d\u2019h\u00e9bergement pour personnes \u00e2g\u00e9es d\u00e9pendantes (EHPAD) \u00e0 travers la France, mettant ainsi en lumi\u00e8re l\u2019importance d\u2019un engagement collectif pour le bien-\u00eatre des a\u00een\u00e9s. Ce regard \u00e9largi sur la F\u00eate des Grands-M\u00e8res conf\u00e8re une nouvelle dimension \u00e0 cette c\u00e9l\u00e9bration, qui devient un appel \u00e0 la solidarit\u00e9 interg\u00e9n\u00e9rationnelle.<\/p>\n\n<p>Dans une perspective plus large, ce genre d\u2019initiatives rappelle que le patrimoine familial, \u00e0 l\u2019instar de la g\u00e9n\u00e9alogie et des racines historiques, peut aussi nourrir une responsabilit\u00e9 sociale partag\u00e9e. <a href=\"https:\/\/unjourunbebe.com\/blog\/fete-grands-meres-hommage\/\">Cet hommage \u00e0 nos a\u00efeules<\/a> rev\u00eat alors une double vocation : ch\u00e9rir la m\u00e9moire et cultiver le lien au sein de la communaut\u00e9.<\/p>\n\n<p>La F\u00eate des Grands-M\u00e8res, riche de son histoire et de sa symbolique, invite donc \u00e0 la fois \u00e0 une c\u00e9l\u00e9bration intime et de c\u0153ur, tout en s\u2019ouvrant \u00e0 des gestes concrets d\u2019attention port\u00e9e \u00e0 ceux qui, parfois isol\u00e9s, ont tant \u00e0 transmettre encore.<\/p>\n\n","protected":false},"excerpt":{"rendered":"<p>En bref : Les origines singuli\u00e8res de la F\u00eate des Grands-M\u00e8res : entre commerce et nostalgie La F\u00eate des Grands-M\u00e8res, telle qu\u2019elle est connue aujourd\u2019hui, puise ses racines dans une d\u00e9marche originale m\u00ealant strat\u00e9gie commerciale et hommage symbolique. Institu\u00e9e en 1987 par la marque de caf\u00e9 \u00ab\u00a0Caf\u00e9 Grand&rsquo;M\u00e8re\u00a0\u00bb, cette c\u00e9l\u00e9bration a trouv\u00e9 rapidement sa place &#8230; <a title=\"Les racines historiques de la F\u00eate des Grands-M\u00e8res : Un hommage chaleureux aux a\u00efeules\" class=\"read-more\" href=\"https:\/\/unjourunbebe.com\/blog\/racines-fete-grands-meres\/\" aria-label=\"En savoir plus sur Les racines historiques de la F\u00eate des Grands-M\u00e8res : Un hommage chaleureux aux a\u00efeules\">Read more<\/a><\/p>\n","protected":false},"author":1,"featured_media":1713,"comment_status":"open","ping_status":"closed","sticky":false,"template":"","format":"standard","meta":{"footnotes":""},"categories":[1],"tags":[],"class_list":["post-1715","post","type-post","status-publish","format-standard","has-post-thumbnail","hentry","category-actualites"],"_links":{"self":[{"href":"https:\/\/unjourunbebe.com\/blog\/wp-json\/wp\/v2\/posts\/1715","targetHints":{"allow":["GET"]}}],"collection":[{"href":"https:\/\/unjourunbebe.com\/blog\/wp-json\/wp\/v2\/posts"}],"about":[{"href":"https:\/\/unjourunbebe.com\/blog\/wp-json\/wp\/v2\/types\/post"}],"author":[{"embeddable":true,"href":"https:\/\/unjourunbebe.com\/blog\/wp-json\/wp\/v2\/users\/1"}],"replies":[{"embeddable":true,"href":"https:\/\/unjourunbebe.com\/blog\/wp-json\/wp\/v2\/comments?post=1715"}],"version-history":[{"count":0,"href":"https:\/\/unjourunbebe.com\/blog\/wp-json\/wp\/v2\/posts\/1715\/revisions"}],"wp:featuredmedia":[{"embeddable":true,"href":"https:\/\/unjourunbebe.com\/blog\/wp-json\/wp\/v2\/media\/1713"}],"wp:attachment":[{"href":"https:\/\/unjourunbebe.com\/blog\/wp-json\/wp\/v2\/media?parent=1715"}],"wp:term":[{"taxonomy":"category","embeddable":true,"href":"https:\/\/unjourunbebe.com\/blog\/wp-json\/wp\/v2\/categories?post=1715"},{"taxonomy":"post_tag","embeddable":true,"href":"https:\/\/unjourunbebe.com\/blog\/wp-json\/wp\/v2\/tags?post=1715"}],"curies":[{"name":"wp","href":"https:\/\/api.w.org\/{rel}","templated":true}]}}