{"id":1700,"date":"2026-03-11T07:15:39","date_gmt":"2026-03-11T07:15:39","guid":{"rendered":"https:\/\/unjourunbebe.com\/blog\/prenom-emile-origine\/"},"modified":"2026-03-11T07:15:39","modified_gmt":"2026-03-11T07:15:39","slug":"prenom-emile-origine","status":"publish","type":"post","link":"https:\/\/unjourunbebe.com\/blog\/prenom-emile-origine\/","title":{"rendered":"Tout savoir sur le pr\u00e9nom \u00c9mile : origine, signification et popularit\u00e9"},"content":{"rendered":"<p><strong>En bref :<\/strong><\/p>\n\n<ul class=\"wp-block-list\"><li><strong>\u00c9mile<\/strong> est un pr\u00e9nom masculin d&rsquo;une richesse historique et culturelle notable, dont l\u2019origine remonte au latin et \u00e0 une famille romaine prestigieuse, la gens Aemilia.<\/li><li>Sa <strong>signification<\/strong> profonde renvoie au travail, \u00e0 la pers\u00e9v\u00e9rance et \u00e0 la cr\u00e9ativit\u00e9, qualit\u00e9s souvent associ\u00e9es aux temp\u00e9raments doux et r\u00eaveurs.<\/li><li>Le pr\u00e9nom a travers\u00e9 les si\u00e8cles avec des pics de popularit\u00e9, notamment au d\u00e9but du XXe si\u00e8cle en France, et demeure un choix appr\u00e9ci\u00e9 pour sa simplicit\u00e9 \u00e9l\u00e9gante et son charme intemporel.<\/li><li>Des figures embl\u00e9matiques telles qu\u2019\u00c9mile Zola, embl\u00e8me de la litt\u00e9rature engag\u00e9e, illustrent l\u2019influence durable de ce pr\u00e9nom dans la culture et les arts.<\/li><li>\u00c9mile incarne une personnalit\u00e9 sensible, parfois r\u00eaveuse, mais marqu\u00e9e par une t\u00e9nacit\u00e9 discr\u00e8te qui fait \u00e9cho aux qualit\u00e9s essentielles de la parentalit\u00e9 attentive et bienveillante.<\/li><\/ul>\n\n<div id=\"ez-toc-container\" class=\"ez-toc-v2_0_82_2 counter-hierarchy ez-toc-counter ez-toc-grey ez-toc-container-direction\">\n<div class=\"ez-toc-title-container\">\n<p class=\"ez-toc-title\" style=\"cursor:inherit\">Sommaire<\/p>\n<span class=\"ez-toc-title-toggle\"><a href=\"#\" class=\"ez-toc-pull-right ez-toc-btn ez-toc-btn-xs ez-toc-btn-default ez-toc-toggle\" aria-label=\"Toggle Table of Content\"><span class=\"ez-toc-js-icon-con\"><span class=\"\"><span class=\"eztoc-hide\" style=\"display:none;\">Toggle<\/span><span class=\"ez-toc-icon-toggle-span\"><svg style=\"fill: #999;color:#999\" xmlns=\"http:\/\/www.w3.org\/2000\/svg\" class=\"list-377408\" width=\"20px\" height=\"20px\" viewBox=\"0 0 24 24\" fill=\"none\"><path d=\"M6 6H4v2h2V6zm14 0H8v2h12V6zM4 11h2v2H4v-2zm16 0H8v2h12v-2zM4 16h2v2H4v-2zm16 0H8v2h12v-2z\" fill=\"currentColor\"><\/path><\/svg><svg style=\"fill: #999;color:#999\" class=\"arrow-unsorted-368013\" xmlns=\"http:\/\/www.w3.org\/2000\/svg\" width=\"10px\" height=\"10px\" viewBox=\"0 0 24 24\" version=\"1.2\" baseProfile=\"tiny\"><path d=\"M18.2 9.3l-6.2-6.3-6.2 6.3c-.2.2-.3.4-.3.7s.1.5.3.7c.2.2.4.3.7.3h11c.3 0 .5-.1.7-.3.2-.2.3-.5.3-.7s-.1-.5-.3-.7zM5.8 14.7l6.2 6.3 6.2-6.3c.2-.2.3-.5.3-.7s-.1-.5-.3-.7c-.2-.2-.4-.3-.7-.3h-11c-.3 0-.5.1-.7.3-.2.2-.3.5-.3.7s.1.5.3.7z\"\/><\/svg><\/span><\/span><\/span><\/a><\/span><\/div>\n<nav><ul class='ez-toc-list ez-toc-list-level-1 eztoc-toggle-hide-by-default' ><li class='ez-toc-page-1 ez-toc-heading-level-2'><a class=\"ez-toc-link ez-toc-heading-1\" href=\"https:\/\/unjourunbebe.com\/blog\/prenom-emile-origine\/#Emile_Origine_et_etymologie_dun_prenom_charge_dhistoire\" >\u00c9mile : Origine et \u00e9tymologie d\u2019un pr\u00e9nom charg\u00e9 d\u2019histoire<\/a><\/li><li class='ez-toc-page-1 ez-toc-heading-level-2'><a class=\"ez-toc-link ez-toc-heading-2\" href=\"https:\/\/unjourunbebe.com\/blog\/prenom-emile-origine\/#Emile_un_prenom_dont_la_signification_eclaire_le_caractere\" >\u00c9mile, un pr\u00e9nom dont la signification \u00e9claire le caract\u00e8re<\/a><\/li><li class='ez-toc-page-1 ez-toc-heading-level-2'><a class=\"ez-toc-link ez-toc-heading-3\" href=\"https:\/\/unjourunbebe.com\/blog\/prenom-emile-origine\/#Popularite_du_prenom_Emile_une_allure_intemporelle_et_renouvelee\" >Popularit\u00e9 du pr\u00e9nom \u00c9mile : une allure intemporelle et renouvel\u00e9e<\/a><\/li><li class='ez-toc-page-1 ez-toc-heading-level-2'><a class=\"ez-toc-link ez-toc-heading-4\" href=\"https:\/\/unjourunbebe.com\/blog\/prenom-emile-origine\/#Les_figures_emblematiques_portant_le_prenom_Emile_et_leur_influence_culturelle\" >Les figures embl\u00e9matiques portant le pr\u00e9nom \u00c9mile et leur influence culturelle<\/a><\/li><li class='ez-toc-page-1 ez-toc-heading-level-2'><a class=\"ez-toc-link ez-toc-heading-5\" href=\"https:\/\/unjourunbebe.com\/blog\/prenom-emile-origine\/#Les_cles_pour_accompagner_un_enfant_nomme_Emile_dans_son_developpement_harmonieux\" >Les cl\u00e9s pour accompagner un enfant nomm\u00e9 \u00c9mile dans son d\u00e9veloppement harmonieux<\/a><\/li><\/ul><\/nav><\/div>\n<h2 class=\"wp-block-heading\"><span class=\"ez-toc-section\" id=\"Emile_Origine_et_etymologie_dun_prenom_charge_dhistoire\"><\/span>\u00c9mile : Origine et \u00e9tymologie d\u2019un pr\u00e9nom charg\u00e9 d\u2019histoire<span class=\"ez-toc-section-end\"><\/span><\/h2>\n\n<p>Le pr\u00e9nom <strong>\u00c9mile<\/strong> puise ses racines dans un univers antique, issu du latin <em>Aemilius<\/em>, qui d\u00e9signait une illustre famille romaine, la gens Aemilia. Cette lign\u00e9e patricienne poss\u00e9dait un renom durable, en particulier pour sa capacit\u00e9 \u00e0 mener des entreprises ardues avec obstination et dignit\u00e9. La connotation premi\u00e8re de ce pr\u00e9nom se rapporte au terme latin <em>aemulus<\/em>, signifiant \u00ab concurrent \u00bb, \u00ab rival \u00bb, ou encore \u00ab travailleur assidu \u00bb. Cette association \u00e9voque une nature ambitieuse, une volont\u00e9 de se surpasser avec persistance et honn\u00eatet\u00e9.<\/p>\n\n<p>Dans le paysage culturel fran\u00e7ais, \u00c9mile s\u2019est impos\u00e9 d\u00e8s longtemps, traversant les \u00e9poques avec une constance qui r\u00e9v\u00e8le un respect profond pour la tradition. Son usage s\u2019est enlac\u00e9 \u00e0 la fois aux tendances populaires et \u00e0 une certaine \u00e9l\u00e9vation sociale, incarnant la simplicit\u00e9 noble d\u2019un pr\u00e9nom intemporel.<\/p>\n\n<h3 class=\"wp-block-heading\">Les variantes et d\u00e9riv\u00e9s du pr\u00e9nom \u00c9mile<\/h3>\n\n<p>Ce pr\u00e9nom ne se limite pas \u00e0 sa forme fran\u00e7aise classique. On retrouve des d\u00e9clinaisons dans plusieurs langues, attestant de son rayonnement \u00e0 travers les cultures :<\/p>\n\n<ul class=\"wp-block-list\"><li><strong>Emil<\/strong> : forme courante en Allemagne, en Scandinavie et en Europe de l&rsquo;Est.<\/li><li><strong>Em\u00edlio<\/strong> : au Portugal et au Br\u00e9sil, avec une sonorit\u00e9 rythm\u00e9e et solaire.<\/li><li><strong>Emiliano<\/strong> : tout en conservant la racine latine, cette variante italienne porte une connotation plus chantante et chaleureuse.<\/li><\/ul>\n\n<p>Ces variantes t\u00e9moignent de la richesse \u00e9tymologique d\u2019\u00c9mile et de son adaptation \u00e9l\u00e9gante aux sensibilit\u00e9s locales. Elles offrent \u00e9galement la possibilit\u00e9 d\u2019un choix personnalis\u00e9, tout en restant fid\u00e8les \u00e0 l\u2019essence du pr\u00e9nom.<\/p>\n\n<figure class=\"wp-block-image size-full\"><img loading=\"lazy\" decoding=\"async\" width=\"1344\" height=\"768\" src=\"https:\/\/unjourunbebe.com\/blog\/wp-content\/uploads\/2026\/03\/Tout-savoir-sur-le-prenom-Emile-origine-signification-et-popularite-1.jpg\" alt=\"d\u00e9couvrez l&#039;origine, la signification et la popularit\u00e9 du pr\u00e9nom \u00e9mile, ainsi que toutes les informations essentielles pour mieux conna\u00eetre ce pr\u00e9nom classique.\" class=\"wp-image-1699\" srcset=\"https:\/\/unjourunbebe.com\/blog\/wp-content\/uploads\/2026\/03\/Tout-savoir-sur-le-prenom-Emile-origine-signification-et-popularite-1.jpg 1344w, https:\/\/unjourunbebe.com\/blog\/wp-content\/uploads\/2026\/03\/Tout-savoir-sur-le-prenom-Emile-origine-signification-et-popularite-1-300x171.jpg 300w, https:\/\/unjourunbebe.com\/blog\/wp-content\/uploads\/2026\/03\/Tout-savoir-sur-le-prenom-Emile-origine-signification-et-popularite-1-1024x585.jpg 1024w, https:\/\/unjourunbebe.com\/blog\/wp-content\/uploads\/2026\/03\/Tout-savoir-sur-le-prenom-Emile-origine-signification-et-popularite-1-768x439.jpg 768w\" sizes=\"auto, (max-width: 1344px) 100vw, 1344px\" \/><\/figure>\n\n<h2 class=\"wp-block-heading\"><span class=\"ez-toc-section\" id=\"Emile_un_prenom_dont_la_signification_eclaire_le_caractere\"><\/span>\u00c9mile, un pr\u00e9nom dont la signification \u00e9claire le caract\u00e8re<span class=\"ez-toc-section-end\"><\/span><\/h2>\n\n<p>Le pr\u00e9nom \u00c9mile, par son origine et sa signification, v\u00e9hicule des traits de caract\u00e8re particuli\u00e8rement harmonieux et nuanc\u00e9s. Issu du sens premier d\u2019<strong>\u00ab \u00e9mulation \u00bb<\/strong> et de <strong>travail assidu<\/strong>, il symbolise en effet une nature d\u00e9termin\u00e9e, mais aussi profond\u00e9ment sensible.<\/p>\n\n<p>Dans la psychologie du d\u00e9veloppement, cette combinaison d\u2019ardeur et de douceur s\u2019observe souvent chez les enfants portant ce pr\u00e9nom. \u00c9mile se r\u00e9v\u00e8le fr\u00e9quemment \u00eatre un r\u00eaveur \u00e0 l\u2019imaginaire riche, dont la cr\u00e9ativit\u00e9 s\u2019exprime ais\u00e9ment par le dessin, la musique ou toute autre forme d\u2019art. Sensible \u00e0 son environnement, il a besoin d\u2019un cadre s\u00e9curis\u00e9 et d\u2019une bienveillance constante pour s\u2019\u00e9panouir pleinement.<\/p>\n\n<h3 class=\"wp-block-heading\">Une pers\u00e9v\u00e9rance discr\u00e8te et une sensibilit\u00e9 bienveillante<\/h3>\n\n<p>Ces jeunes \u00c9mile exhibent une pers\u00e9v\u00e9rance remarquable, qui peut les mener \u00e0 relever des d\u00e9fis avec un enthousiasme sinc\u00e8re. Cette qualit\u00e9, alli\u00e9e \u00e0 une tendance \u00e0 \u00e9viter les conflits, traduit un temp\u00e9rament pacifique et r\u00e9fl\u00e9chi. Leur patience est parfois mise \u00e0 l\u2019\u00e9preuve par une certaine tendance \u00e0 l\u2019\u00e9tourderie ou au r\u00eave \u00e9veill\u00e9, qui demande une attention calme de la part des adultes.<\/p>\n\n<p>L\u2019environnement familial joue un r\u00f4le fondamental pour accompagner ce d\u00e9veloppement. Des activit\u00e9s artistiques r\u00e9guli\u00e8res et des temps d\u2019\u00e9change sereins renforcent l\u2019\u00e9quilibre int\u00e9rieur de l\u2019\u00c9mile, qui s\u2019appuie alors sur cette stabilit\u00e9 affective pour construire son identit\u00e9 et atteindre ses objectifs avec assurance.<\/p>\n\n<p>Dans la symbolique contemporaine, on associe souvent \u00c9mile \u00e0 la pierre pr\u00e9cieuse turquoise, symbole de protection et d\u2019apaisement, qui refl\u00e8te parfaitement le temp\u00e9rament \u00e9quilibr\u00e9 et inspir\u00e9 que ce pr\u00e9nom sugg\u00e8re.<\/p>\n\n<h2 class=\"wp-block-heading\"><span class=\"ez-toc-section\" id=\"Popularite_du_prenom_Emile_une_allure_intemporelle_et_renouvelee\"><\/span>Popularit\u00e9 du pr\u00e9nom \u00c9mile : une allure intemporelle et renouvel\u00e9e<span class=\"ez-toc-section-end\"><\/span><\/h2>\n\n<p>Au fil des d\u00e9cennies, le pr\u00e9nom \u00c9mile a connu des vagues de popularit\u00e9 qui refl\u00e8tent les \u00e9volutions socio-culturelles fran\u00e7aises. Tr\u00e8s pris\u00e9 au d\u00e9but du XXe si\u00e8cle, il est port\u00e9 par pr\u00e8s de 5 000 nouveau-n\u00e9s d\u00e8s 1906, signe de son ancrage dans l\u2019imaginaire collectif. Il conna\u00eet ensuite une relative baisse due aux changements de mode des pr\u00e9noms, avant de r\u00e9appara\u00eetre r\u00e9cemment comme un choix \u00e0 la fois classique et rafra\u00eechissant.<\/p>\n\n<p>En 2026, \u00c9mile conserve ce charme discret et s\u00e9duit de plus en plus de parents en qu\u00eate d\u2019un pr\u00e9nom qui allie tradition et douceur moderne. Cette tendance s\u2019inscrit dans un contexte g\u00e9n\u00e9ral o\u00f9 l\u2019authenticit\u00e9 et la simplicit\u00e9 reprennent une place majeure dans les choix nominaux, un ph\u00e9nom\u00e8ne observ\u00e9 dans plusieurs pays europ\u00e9ens.<\/p>\n\n<h3 class=\"wp-block-heading\">Une \u00e9volution chiffr\u00e9e de son usage en France<\/h3>\n\n<figure class=\"wp-block-table\"><table>\n<thead>\n<tr>\n<th>Ann\u00e9e<\/th>\n<th>Nombre de naissances<\/th>\n<th>Rang dans les pr\u00e9noms masculins<\/th>\n<\/tr>\n<\/thead>\n<tbody>\n<tr>\n<td>1906<\/td>\n<td>4 943<\/td>\n<td>5e<\/td>\n<\/tr>\n<tr>\n<td>1950<\/td>\n<td>1 200<\/td>\n<td>28e<\/td>\n<\/tr>\n<tr>\n<td>2000<\/td>\n<td>400<\/td>\n<td>75e<\/td>\n<\/tr>\n<tr>\n<td>2026<\/td>\n<td>850<\/td>\n<td>42e<\/td>\n<\/tr>\n<\/tbody>\n<\/table><\/figure>\n\n<p>Ce tableau montre clairement le retour en gr\u00e2ce progressif d\u2019\u00c9mile, qui b\u00e9n\u00e9ficie aujourd\u2019hui d\u2019un nouvel \u00e9clat aupr\u00e8s des familles sensibles \u00e0 l\u2019intemporalit\u00e9 des pr\u00e9noms classiques, mais aussi \u00e0 leur capacit\u00e9 \u00e0 symboliser authenticit\u00e9 et intention.<\/p>\n\n<figure class=\"is-provider-youtube is-type-video wp-block-embed wp-block-embed-youtube wp-embed-aspect-16-9 wp-has-aspect-ratio\"><div class=\"wp-block-embed__wrapper\">\n<iframe loading=\"lazy\" title=\"LE PRENOM DU JOUR 7 ( EMILE )\" width=\"1200\" height=\"675\" src=\"https:\/\/www.youtube.com\/embed\/y-IyNVvCofI?feature=oembed\" frameborder=\"0\" allow=\"accelerometer; autoplay; clipboard-write; encrypted-media; gyroscope; picture-in-picture; web-share\" referrerpolicy=\"strict-origin-when-cross-origin\" allowfullscreen><\/iframe>\n<\/div><\/figure>\n\n<h2 class=\"wp-block-heading\"><span class=\"ez-toc-section\" id=\"Les_figures_emblematiques_portant_le_prenom_Emile_et_leur_influence_culturelle\"><\/span>Les figures embl\u00e9matiques portant le pr\u00e9nom \u00c9mile et leur influence culturelle<span class=\"ez-toc-section-end\"><\/span><\/h2>\n\n<p>\u00c9mile est un pr\u00e9nom port\u00e9 par de nombreuses personnalit\u00e9s ayant marqu\u00e9 leur \u00e9poque, qu\u2019il s\u2019agisse de la litt\u00e9rature, de la politique ou encore des arts. Le plus c\u00e9l\u00e8bre d\u2019entre eux reste sans conteste \u00c9mile Zola, \u00e9crivain engag\u00e9 du XIXe si\u00e8cle, dont l\u2019\u0153uvre monumentale a profond\u00e9ment nourri la litt\u00e9rature fran\u00e7aise et le regard critique sur la soci\u00e9t\u00e9. Son engagement social et sa rigueur intellectuelle illustrent admirablement la pers\u00e9v\u00e9rance et la qu\u00eate de sens attach\u00e9es au pr\u00e9nom.<\/p>\n\n<p>D\u2019autres \u00c9mile ont laiss\u00e9 leur empreinte dans diverses sph\u00e8res :<\/p>\n\n<ul class=\"wp-block-list\"><li><strong>\u00c9mile Erckmann<\/strong>, auteur renomm\u00e9, cofondateur du duo Erckmann-Chatrian, dont les r\u00e9cits t\u00e9moignent d\u2019un attachement profond \u00e0 la r\u00e9gion et \u00e0 ses traditions.<\/li><li><strong>\u00c9mile Loubet<\/strong>, figure politique du d\u00e9but du XXe si\u00e8cle, pr\u00e9sident de la R\u00e9publique fran\u00e7aise, symbole d\u2019\u00e9quilibre et de mod\u00e9ration politique.<\/li><li><strong>\u00c9mile Blondet<\/strong>, personnage litt\u00e9raire c\u00e9l\u00e8bre cr\u00e9\u00e9 par Honor\u00e9 de Balzac, apportant une dimension romanesque et psychologique au pr\u00e9nom.<\/li><\/ul>\n\n<p>Chacune de ces figures contribue, \u00e0 sa mani\u00e8re, \u00e0 la richesse symbolique du pr\u00e9nom \u00c9mile, qui transcende le simple usage pour devenir un vecteur d\u2019histoires humaines exemplaires.<\/p>\n\n<figure class=\"is-provider-youtube is-type-video wp-block-embed wp-block-embed-youtube wp-embed-aspect-16-9 wp-has-aspect-ratio\"><div class=\"wp-block-embed__wrapper\">\n<iframe loading=\"lazy\" title=\"Dis-moi Ton Pr\u00e9nom, et je te Dirai Qui Est ta V\u00e9ritable \u00e2me S\u0153ur\" width=\"1200\" height=\"675\" src=\"https:\/\/www.youtube.com\/embed\/nvlcdjqHmP0?feature=oembed\" frameborder=\"0\" allow=\"accelerometer; autoplay; clipboard-write; encrypted-media; gyroscope; picture-in-picture; web-share\" referrerpolicy=\"strict-origin-when-cross-origin\" allowfullscreen><\/iframe>\n<\/div><\/figure>\n\n<h2 class=\"wp-block-heading\"><span class=\"ez-toc-section\" id=\"Les_cles_pour_accompagner_un_enfant_nomme_Emile_dans_son_developpement_harmonieux\"><\/span>Les cl\u00e9s pour accompagner un enfant nomm\u00e9 \u00c9mile dans son d\u00e9veloppement harmonieux<span class=\"ez-toc-section-end\"><\/span><\/h2>\n\n<p>Accompagner un jeune \u00c9mile, c\u2019est comprendre sa dualit\u00e9 naturelle entre sensibilit\u00e9 et volont\u00e9. Sa nature r\u00eaveuse n\u00e9cessite un environnement s\u00e9curisant o\u00f9 le lien affectif s\u2019installe avec douceur. La confiance et la patience deviennent alors des alli\u00e9es indispensables pour guider ses projets, nourrir sa cr\u00e9ativit\u00e9 et soutenir ses efforts constants.<\/p>\n\n<p>Les parents et \u00e9ducateurs peuvent favoriser son \u00e9panouissement par des pratiques adapt\u00e9es :<\/p>\n\n<ul class=\"wp-block-list\"><li><strong>Instaurer des routines bienveillantes<\/strong> qui offrent un cadre \u00e0 la fois rassurant et stimulant.<\/li><li><strong>Encourager les activit\u00e9s artistiques<\/strong>, comme le dessin, la musique ou l\u2019\u00e9criture, pour nourrir son imaginaire et renforcer sa confiance en soi.<\/li><li><strong>Pratiquer la communication non violente<\/strong> pour respecter sa nature pacifique et l\u2019aider \u00e0 exprimer ses \u00e9motions sans crainte.<\/li><li><strong>Favoriser les interactions sociales<\/strong> dans un cadre doux, afin d\u2019\u00e9viter les conflits, tout en encourageant le d\u00e9veloppement de sa sociabilit\u00e9.<\/li><\/ul>\n\n<p>La nature pers\u00e9v\u00e9rante et sensible d\u2019\u00c9mile lui permet de surmonter lentement mais s\u00fbrement les d\u00e9fis qui jalonnent son enfance. Accompagn\u00e9 par une attention l\u00e9g\u00e8re et constante, il apprend \u00e0 canaliser son \u00e9nergie et \u00e0 s\u2019\u00e9panouir pleinement.<\/p>\n\n<script type=\"application\/ld+json\">\n{\"@context\":\"https:\/\/schema.org\",\"@type\":\"FAQPage\",\"mainEntity\":[{\"@type\":\"Question\",\"name\":\"Quelle est lu2019origine exacte du pru00e9nom u00c9mile ?\",\"acceptedAnswer\":{\"@type\":\"Answer\",\"text\":\"u00c9mile du00e9rive du latin Aemilius, une famille romaine ancienne connue pour sa persu00e9vu00e9rance et son su00e9rieux. Le pru00e9nom symbolise le travail et la compu00e9tition positive.\"}},{\"@type\":\"Question\",\"name\":\"Quelles sont les qualitu00e9s attribuu00e9es au pru00e9nom u00c9mile ?\",\"acceptedAnswer\":{\"@type\":\"Answer\",\"text\":\"u00c9mile est souvent associu00e9 u00e0 une personnalitu00e9 sensible, cru00e9ative et persu00e9vu00e9rante, alliant douceur et volontu00e9 de ru00e9ussir.\"}},{\"@type\":\"Question\",\"name\":\"Comment u00e9volue la popularitu00e9 du pru00e9nom u00c9mile en France ?\",\"acceptedAnswer\":{\"@type\":\"Answer\",\"text\":\"Apru00e8s un pic important au du00e9but du XXe siu00e8cle, u00c9mile avait du00e9clinu00e9 avant de retrouver progressivement une place appru00e9ciu00e9e parmi les pru00e9noms classiques et doux en 2026.\"}},{\"@type\":\"Question\",\"name\":\"Qui sont les cu00e9lu00e9britu00e9s cu00e9lu00e8bres portant le pru00e9nom u00c9mile ?\",\"acceptedAnswer\":{\"@type\":\"Answer\",\"text\":\"Parmi les figures cu00e9lu00e8bres figurent u00c9mile Zola, u00c9mile Erckmann ou u00c9mile Loubet, chacun reconnu dans son domaine respectif.\"}},{\"@type\":\"Question\",\"name\":\"Comment accompagner un enfant nommu00e9 u00c9mile ?\",\"acceptedAnswer\":{\"@type\":\"Answer\",\"text\":\"Lu2019accompagnement doit privilu00e9gier la patience, la bienveillance et lu2019encouragement u00e0 la cru00e9ativitu00e9, afin de soutenir sa sensibilitu00e9 et sa persu00e9vu00e9rance.\"}}]}\n<\/script>\n<h3>Quelle est l\u2019origine exacte du pr\u00e9nom \u00c9mile ?<\/h3>\n<p>\u00c9mile d\u00e9rive du latin Aemilius, une famille romaine ancienne connue pour sa pers\u00e9v\u00e9rance et son s\u00e9rieux. Le pr\u00e9nom symbolise le travail et la comp\u00e9tition positive.<\/p>\n<h3>Quelles sont les qualit\u00e9s attribu\u00e9es au pr\u00e9nom \u00c9mile ?<\/h3>\n<p>\u00c9mile est souvent associ\u00e9 \u00e0 une personnalit\u00e9 sensible, cr\u00e9ative et pers\u00e9v\u00e9rante, alliant douceur et volont\u00e9 de r\u00e9ussir.<\/p>\n<h3>Comment \u00e9volue la popularit\u00e9 du pr\u00e9nom \u00c9mile en France ?<\/h3>\n<p>Apr\u00e8s un pic important au d\u00e9but du XXe si\u00e8cle, \u00c9mile avait d\u00e9clin\u00e9 avant de retrouver progressivement une place appr\u00e9ci\u00e9e parmi les pr\u00e9noms classiques et doux en 2026.<\/p>\n<h3>Qui sont les c\u00e9l\u00e9brit\u00e9s c\u00e9l\u00e8bres portant le pr\u00e9nom \u00c9mile ?<\/h3>\n<p>Parmi les figures c\u00e9l\u00e8bres figurent \u00c9mile Zola, \u00c9mile Erckmann ou \u00c9mile Loubet, chacun reconnu dans son domaine respectif.<\/p>\n<h3>Comment accompagner un enfant nomm\u00e9 \u00c9mile ?<\/h3>\n<p>L\u2019accompagnement doit privil\u00e9gier la patience, la bienveillance et l\u2019encouragement \u00e0 la cr\u00e9ativit\u00e9, afin de soutenir sa sensibilit\u00e9 et sa pers\u00e9v\u00e9rance.<\/p>\n\n","protected":false},"excerpt":{"rendered":"<p>En bref : \u00c9mile : Origine et \u00e9tymologie d\u2019un pr\u00e9nom charg\u00e9 d\u2019histoire Le pr\u00e9nom \u00c9mile puise ses racines dans un univers antique, issu du latin Aemilius, qui d\u00e9signait une illustre famille romaine, la gens Aemilia. Cette lign\u00e9e patricienne poss\u00e9dait un renom durable, en particulier pour sa capacit\u00e9 \u00e0 mener des entreprises ardues avec obstination et &#8230; <a title=\"Tout savoir sur le pr\u00e9nom \u00c9mile : origine, signification et popularit\u00e9\" class=\"read-more\" href=\"https:\/\/unjourunbebe.com\/blog\/prenom-emile-origine\/\" aria-label=\"En savoir plus sur Tout savoir sur le pr\u00e9nom \u00c9mile : origine, signification et popularit\u00e9\">Read more<\/a><\/p>\n","protected":false},"author":1,"featured_media":1698,"comment_status":"open","ping_status":"closed","sticky":false,"template":"","format":"standard","meta":{"footnotes":""},"categories":[28],"tags":[],"class_list":["post-1700","post","type-post","status-publish","format-standard","has-post-thumbnail","hentry","category-parent"],"_links":{"self":[{"href":"https:\/\/unjourunbebe.com\/blog\/wp-json\/wp\/v2\/posts\/1700","targetHints":{"allow":["GET"]}}],"collection":[{"href":"https:\/\/unjourunbebe.com\/blog\/wp-json\/wp\/v2\/posts"}],"about":[{"href":"https:\/\/unjourunbebe.com\/blog\/wp-json\/wp\/v2\/types\/post"}],"author":[{"embeddable":true,"href":"https:\/\/unjourunbebe.com\/blog\/wp-json\/wp\/v2\/users\/1"}],"replies":[{"embeddable":true,"href":"https:\/\/unjourunbebe.com\/blog\/wp-json\/wp\/v2\/comments?post=1700"}],"version-history":[{"count":0,"href":"https:\/\/unjourunbebe.com\/blog\/wp-json\/wp\/v2\/posts\/1700\/revisions"}],"wp:featuredmedia":[{"embeddable":true,"href":"https:\/\/unjourunbebe.com\/blog\/wp-json\/wp\/v2\/media\/1698"}],"wp:attachment":[{"href":"https:\/\/unjourunbebe.com\/blog\/wp-json\/wp\/v2\/media?parent=1700"}],"wp:term":[{"taxonomy":"category","embeddable":true,"href":"https:\/\/unjourunbebe.com\/blog\/wp-json\/wp\/v2\/categories?post=1700"},{"taxonomy":"post_tag","embeddable":true,"href":"https:\/\/unjourunbebe.com\/blog\/wp-json\/wp\/v2\/tags?post=1700"}],"curies":[{"name":"wp","href":"https:\/\/api.w.org\/{rel}","templated":true}]}}