{"id":1695,"date":"2026-03-10T07:08:44","date_gmt":"2026-03-10T07:08:44","guid":{"rendered":"https:\/\/unjourunbebe.com\/blog\/temoignage-mere-enfants\/"},"modified":"2026-03-10T07:08:44","modified_gmt":"2026-03-10T07:08:44","slug":"temoignage-mere-enfants","status":"publish","type":"post","link":"https:\/\/unjourunbebe.com\/blog\/temoignage-mere-enfants\/","title":{"rendered":"T\u00e9moignage poignant : le r\u00e9cit bouleversant d&rsquo;une m\u00e8re ayant perdu deux enfants"},"content":{"rendered":"<p><strong>En bref :<\/strong><\/p>\n\n<ul class=\"wp-block-list\"><li>Un t\u00e9moignage bouleversant illustre avec d\u00e9licatesse le chemin douloureux d\u2019une m\u00e8re qui a perdu deux enfants, frapp\u00e9s par une maladie g\u00e9n\u00e9tique rare.<\/li><li>Le r\u00e9cit explore la gestion du deuil au sein de la famille, mettant en lumi\u00e8re la force du lien parental et conjugal face \u00e0 la souffrance extr\u00eame.<\/li><li>Une description profonde des \u00e9preuves travers\u00e9es, notamment les soins m\u00e9dicaux lourds, la n\u00e9cessit\u00e9 d\u2019un soutien pluridisciplinaire et la fa\u00e7on dont le quotidien est r\u00e9invent\u00e9 apr\u00e8s chaque perte.<\/li><li>Le t\u00e9moignage met en lumi\u00e8re les ressources humaines essentielles, l\u2019entourage familial et amical, indispensables pour traverser la douleur du deuil.<\/li><li>Des pistes d\u2019accompagnement \u00e9motionnel et \u00e9ducatif sont d\u00e9velopp\u00e9es pour aider d&rsquo;autres familles confront\u00e9es \u00e0 des situations similaires.<\/li><\/ul>\n\n<div id=\"ez-toc-container\" class=\"ez-toc-v2_0_82_2 counter-hierarchy ez-toc-counter ez-toc-grey ez-toc-container-direction\">\n<div class=\"ez-toc-title-container\">\n<p class=\"ez-toc-title\" style=\"cursor:inherit\">Sommaire<\/p>\n<span class=\"ez-toc-title-toggle\"><a href=\"#\" class=\"ez-toc-pull-right ez-toc-btn ez-toc-btn-xs ez-toc-btn-default ez-toc-toggle\" aria-label=\"Toggle Table of Content\"><span class=\"ez-toc-js-icon-con\"><span class=\"\"><span class=\"eztoc-hide\" style=\"display:none;\">Toggle<\/span><span class=\"ez-toc-icon-toggle-span\"><svg style=\"fill: #999;color:#999\" xmlns=\"http:\/\/www.w3.org\/2000\/svg\" class=\"list-377408\" width=\"20px\" height=\"20px\" viewBox=\"0 0 24 24\" fill=\"none\"><path d=\"M6 6H4v2h2V6zm14 0H8v2h12V6zM4 11h2v2H4v-2zm16 0H8v2h12v-2zM4 16h2v2H4v-2zm16 0H8v2h12v-2z\" fill=\"currentColor\"><\/path><\/svg><svg style=\"fill: #999;color:#999\" class=\"arrow-unsorted-368013\" xmlns=\"http:\/\/www.w3.org\/2000\/svg\" width=\"10px\" height=\"10px\" viewBox=\"0 0 24 24\" version=\"1.2\" baseProfile=\"tiny\"><path d=\"M18.2 9.3l-6.2-6.3-6.2 6.3c-.2.2-.3.4-.3.7s.1.5.3.7c.2.2.4.3.7.3h11c.3 0 .5-.1.7-.3.2-.2.3-.5.3-.7s-.1-.5-.3-.7zM5.8 14.7l6.2 6.3 6.2-6.3c.2-.2.3-.5.3-.7s-.1-.5-.3-.7c-.2-.2-.4-.3-.7-.3h-11c-.3 0-.5.1-.7.3-.2.2-.3.5-.3.7s.1.5.3.7z\"\/><\/svg><\/span><\/span><\/span><\/a><\/span><\/div>\n<nav><ul class='ez-toc-list ez-toc-list-level-1 eztoc-toggle-hide-by-default' ><li class='ez-toc-page-1 ez-toc-heading-level-2'><a class=\"ez-toc-link ez-toc-heading-1\" href=\"https:\/\/unjourunbebe.com\/blog\/temoignage-mere-enfants\/#Ressentir_lintensite_du_temoignage_poignant_dune_mere_face_a_une_double_perte\" >Ressentir l&rsquo;intensit\u00e9 du t\u00e9moignage poignant d&rsquo;une m\u00e8re face \u00e0 une double perte<\/a><\/li><li class='ez-toc-page-1 ez-toc-heading-level-2'><a class=\"ez-toc-link ez-toc-heading-2\" href=\"https:\/\/unjourunbebe.com\/blog\/temoignage-mere-enfants\/#Apprendre_a_vivre_avec_la_perte_un_chemin_seme_de_souffrance_et_de_comprehension\" >Apprendre \u00e0 vivre avec la perte : un chemin sem\u00e9 de souffrance et de compr\u00e9hension<\/a><\/li><li class='ez-toc-page-1 ez-toc-heading-level-2'><a class=\"ez-toc-link ez-toc-heading-3\" href=\"https:\/\/unjourunbebe.com\/blog\/temoignage-mere-enfants\/#Soutenir_une_mere_et_sa_famille_dans_lepreuve_limportance_du_reseau_humain\" >Soutenir une m\u00e8re et sa famille dans l\u2019\u00e9preuve : l\u2019importance du r\u00e9seau humain<\/a><\/li><li class='ez-toc-page-1 ez-toc-heading-level-2'><a class=\"ez-toc-link ez-toc-heading-4\" href=\"https:\/\/unjourunbebe.com\/blog\/temoignage-mere-enfants\/#La_maladie_rare_et_ses_consequences_quand_la_genetique_bouleverse_une_famille\" >La maladie rare et ses cons\u00e9quences : quand la g\u00e9n\u00e9tique bouleverse une famille<\/a><\/li><li class='ez-toc-page-1 ez-toc-heading-level-2'><a class=\"ez-toc-link ez-toc-heading-5\" href=\"https:\/\/unjourunbebe.com\/blog\/temoignage-mere-enfants\/#Reconstruire_apres_la_disparition_accompagner_le_deuil_pour_ne_pas_sy_enfermer\" >Reconstruire apr\u00e8s la disparition : accompagner le deuil pour ne pas s\u2019y enfermer<\/a><\/li><\/ul><\/nav><\/div>\n<h2 class=\"wp-block-heading\"><span class=\"ez-toc-section\" id=\"Ressentir_lintensite_du_temoignage_poignant_dune_mere_face_a_une_double_perte\"><\/span>Ressentir l&rsquo;intensit\u00e9 du t\u00e9moignage poignant d&rsquo;une m\u00e8re face \u00e0 une double perte<span class=\"ez-toc-section-end\"><\/span><\/h2>\n\n<p>La perte de deux enfants est une \u00e9preuve d\u2019une intensit\u00e9 rare qui plonge une m\u00e8re et sa famille dans un ab\u00eeme de douleur et de questions sans r\u00e9ponse. Lorsque la maladie g\u00e9n\u00e9tique s\u2019invite dans le foyer, bouleversant les espoirs, le parcours devient un combat quotidien o\u00f9 la r\u00e9silience et l\u2019amour inconditionnel se m\u00ealent pour nourrir la force de vivre. Ce r\u00e9cit bouleversant, port\u00e9 par la voix d&rsquo;une m\u00e8re dont les deux filles ont succomb\u00e9 \u00e0 la leucodystrophie m\u00e9tachromatique, \u00e9claire avec une \u00e9motion sinc\u00e8re la complexit\u00e9 du deuil parental.<\/p>\n\n<p>Il est frappant de constater combien cette m\u00e8re, tout en \u00e9tant submerg\u00e9e par la tristesse, conserve une sagesse empreinte d\u2019une douceur inalt\u00e9rable. Son t\u00e9moignage relate un chemin fait d\u2019\u00e9claircies fragiles et d\u2019\u00e9preuves profondes : depuis le diagnostic de cette maladie rare, jusqu&rsquo;\u00e0 l\u2019\u00e9veil \u00e0 l\u2019incontournable r\u00e9alit\u00e9 du deuil, chaque \u00e9tape demande un ajustement du c\u0153ur et de l\u2019\u00e2me.<\/p>\n\n<p>La maladie, h\u00e9rit\u00e9e d\u2019une conjonction de g\u00e8nes \u201cd\u00e9faillants\u201d transmis de mani\u00e8re insoup\u00e7onn\u00e9e, impose un combat qui m\u00eale soins m\u00e9dicaux, esp\u00e9rance et acceptation progressive. \u00catre porteurs sains de cette anomalie g\u00e9n\u00e9tique n\u2019avait jamais \u00e9t\u00e9 envisag\u00e9 avant l\u2019arriv\u00e9e des premiers sympt\u00f4mes. L\u2019ignorance face au risque, l\u2019entr\u00e9e brutale dans la r\u00e9alit\u00e9 m\u00e9dicale, la greffe de moelle osseuse dans l\u2019espoir d\u2019un mieux, incarnent autant de phases o\u00f9 la famille a d\u00fb puiser dans ses ressources profondes.<\/p>\n\n<p>Au sein de ce chaos \u00e9motionnel, il est essentiel de souligner que la relation conjugale s\u2019en trouve elle aussi profond\u00e9ment touch\u00e9e. Face \u00e0 une telle \u00e9preuve, la r\u00e9action pourrait \u00eatre la rupture, mais l\u2019histoire ici d\u00e9montre un tendre paradoxe : c\u2019est dans l\u2019union et le dialogue que le couple a trouv\u00e9 sa place et sa raison d\u2019\u00eatre. De l\u2019\u00e9puisement \u00e0 la compr\u00e9hension mutuelle, ils ont su maintenir un \u00e9quilibre fragile, se retenant l\u2019un \u00e0 l\u2019autre pour ne pas sombrer dans l\u2019isolement et la solitude.<\/p>\n\n<p>Ce t\u00e9moignage r\u00e9sonne aussi comme un appel \u00e0 la solidarit\u00e9 et au r\u00f4le fondamental de l\u2019entourage. Famille et amis, semblables \u00e0 un filet bienveillant, interviennent \u00e0 diff\u00e9rents moments, offrant une respiration \u00e0 ceux qui vivent au bord de l\u2019ab\u00eeme. Leur pr\u00e9sence, souvent discr\u00e8te et pourtant si essentielle, permet de traverser la souffrance avec un peu plus de l\u00e9g\u00e8ret\u00e9.<\/p>\n\n<h2 class=\"wp-block-heading\"><span class=\"ez-toc-section\" id=\"Apprendre_a_vivre_avec_la_perte_un_chemin_seme_de_souffrance_et_de_comprehension\"><\/span>Apprendre \u00e0 vivre avec la perte : un chemin sem\u00e9 de souffrance et de compr\u00e9hension<span class=\"ez-toc-section-end\"><\/span><\/h2>\n\n<p>La perte d\u2019un enfant provoque une blessure intime difficilement comparable. Lorsqu\u2019elle survient en double, l\u2019\u00e9preuve devient quasi incommensurable, bouleversant la dynamique familiale. Ce t\u00e9moignage \u00e9claire avec une pr\u00e9cision douce comment chaque membre de la famille compose avec la douleur, passant par des phases vari\u00e9es de chagrin, de r\u00e9volte, jusqu\u2019\u00e0 l\u2019acceptation parfois. Plus encore, il montre la mani\u00e8re dont la m\u00e8re, tout en \u00e9tant profond\u00e9ment meurtrie, veille \u00e0 offrir \u00e0 ses enfants un cadre rassurant malgr\u00e9 l\u2019incertitude impos\u00e9e par la maladie et la mort.<\/p>\n\n<p>Les enfants, acteurs malgr\u00e9 eux de cette ronde des \u00e9motions, rencontrent eux aussi leur propre cheminement. Le plus grand, Gaspard, malgr\u00e9 ses quinze ans, porte un fardeau \u00e9motionnel intense. Son discours, m\u00ealant maturit\u00e9 et na\u00efvet\u00e9, r\u00e9v\u00e8le \u00e0 la fois une profondeur touchante et une r\u00e9silience des plus \u00e9tonnantes. Son adage, \u201cC&rsquo;est pas grave la mort. C\u2019est triste mais c\u2019est pas grave,\u00a0\u00bb symbolise une philosophie fond\u00e9e sur l\u2019acceptation progressive, une v\u00e9rit\u00e9 aussi douce qu\u2019am\u00e8re. Son jeune fr\u00e8re, Arthur, lui, navigue \u00e0 travers des \u00e9motions plus imm\u00e9diates, alternant entre effondrement et besoin vital de l\u00e9g\u00e8ret\u00e9, comme en t\u00e9moigne son d\u00e9sarmant \u201cExcuse-moi maman, mais je peux aller jouer au foot maintenant ?\u201d apr\u00e8s un moment de grande tristesse.<\/p>\n\n<p>\u00c0 travers un travail de dialogue constant, la famille a su ne pas c\u00e9der aux tentations d\u2019un repli total. La mise en place d\u2019un cadre \u00e9ducatif \u00e0 la fois rigide et aimant a permis de canaliser la turbulence \u00e9motionnelle, \u00e9vitant que l\u2019absence de rep\u00e8res ne amplifie le chaos int\u00e9rieur. Il s\u2019agit l\u00e0 d\u2019une le\u00e7on pr\u00e9cieuse pour d\u2019autres familles affect\u00e9es par la maladie ou la perte : m\u00eame dans les moments les plus sombres, offrir un cadre stable et une \u00e9coute attentive reste essentiel.<\/p>\n\n<p>La famille a \u00e9galement b\u00e9n\u00e9fici\u00e9 d\u2019une aide pr\u00e9cieuse gr\u00e2ce \u00e0 une prise en charge pluridisciplinaire o\u00f9 th\u00e9rapeutes, soignants, proches et aides maternelles se sont coordonn\u00e9s pour accompagner pas \u00e0 pas la gestion du deuil et la reconstruction \u00e9motionnelle. Le r\u00f4le de figures de soutien comme l\u2019assistante maternelle Th\u00e9r\u00e8se illustre combien la douceur et la pr\u00e9sence bienveillante peuvent adoucir un quotidien pourtant charg\u00e9 de souffrance.<\/p>\n\n<p>En d\u00e9pit de la douleur, la m\u00e8re t\u00e9moigne d\u2019un regard lucide sur la vie, affirmant avec calme que la seule promesse qu\u2019une m\u00e8re puisse faire est celle d\u2019aimer ses enfants inconditionnellement, quels que soient les caprices du destin. Cette sagesse r\u00e9sonne comme un phare, guidant ceux qui traversent les nuits noires du deuil vers une lumi\u00e8re fragile, mais bien r\u00e9elle.<\/p>\n\n<h2 class=\"wp-block-heading\"><span class=\"ez-toc-section\" id=\"Soutenir_une_mere_et_sa_famille_dans_lepreuve_limportance_du_reseau_humain\"><\/span>Soutenir une m\u00e8re et sa famille dans l\u2019\u00e9preuve : l\u2019importance du r\u00e9seau humain<span class=\"ez-toc-section-end\"><\/span><\/h2>\n\n<p>La souffrance et le deuil engendrent souvent un isolement dangereux pour ceux qui les vivent. Pourtant, le t\u00e9moignage poignant met en lumi\u00e8re le r\u00f4le vital de l\u2019entourage, non seulement comme appui logistique, mais plus encore comme refuge \u00e9motionnel. Sans ce socle, une m\u00e8re confront\u00e9e \u00e0 la perte de deux enfants serait plus fragile face aux d\u00e9ferlements \u00e9motionnels.<\/p>\n\n<p>Ce soutien se manifeste sous plusieurs formes, comme l\u2019h\u00e9bergement \u00e0 distance, permettant \u00e0 la famille de s\u2019\u00e9loigner des contraintes m\u00e9dicales et du contexte hospitalier. Il inclut aussi la d\u00e9l\u00e9gation de certaines responsabilit\u00e9s aupr\u00e8s des enfants pour offrir des temps de r\u00e9pit indispensables aux parents. Ces actes, loin d\u2019\u00eatre anecdotiques, participent \u00e0 pr\u00e9server l\u2019\u00e9quilibre psychologique et la r\u00e9sistance \u00e0 l\u2019\u00e9puisement.<\/p>\n\n<p>Une autre dimension capitale est constitu\u00e9e par l\u2019\u00e9coute sans jugement, un espace o\u00f9 parents, et notamment la m\u00e8re, peuvent exprimer leurs \u00e9motions brutes, parfois contradictoires, sans crainte d\u2019\u00eatre incompris. Dans ce cadre, le dialogue sinc\u00e8re devient un instrument de gu\u00e9rison, aidant \u00e0 accueillir la souffrance au lieu de la refouler. Cette dynamique relationnelle s\u2019av\u00e8re un rempart contre la solitude qui guette tant de familles endeuill\u00e9es.<\/p>\n\n<p>En compl\u00e9ment, la r\u00e9invention du quotidien s\u2019appuie sur l\u2019intervention coordonn\u00e9e de professionnels et aidants. La dimension pluridisciplinaire du parcours montre toute son importance. Th\u00e9rapeutes, soignants, assistants maternels, et membres de la famille \u00e9largie jouent des r\u00f4les compl\u00e9mentaires, chacun \u00e0 son niveau. Ce maillage offre \u00e0 la famille la s\u00e9curit\u00e9 d\u2019un filet protecteur, contrebalan\u00e7ant l\u2019angoisse omnipr\u00e9sente.<\/p>\n\n<p>Voici quelques cl\u00e9s essentielles pour installer un tel r\u00e9seau de soutien :<\/p>\n\n<ul class=\"wp-block-list\"><li><strong>Identifier les ressources locales<\/strong> : associations, groupes de parole, professionnels sp\u00e9cialis\u00e9s dans le deuil p\u00e9rinatal ou infantile.<\/li><li><strong>Impliquer la famille \u00e9largie<\/strong> : la coh\u00e9sion familiale est un rempart fondamental, \u00e0 condition que chacun soit inform\u00e9 et respectueux des \u00e9motions v\u00e9cues.<\/li><li><strong>Pr\u00e9voir des relais ponctuels<\/strong> : pour permettre des pauses n\u00e9cessaires aux parents, et offrir un temps d\u2019apaisement.<\/li><li><strong>Encourager l\u2019expression \u00e9motionnelle<\/strong> : cr\u00e9er des moments d\u2019\u00e9coute o\u00f9 la parole peut se lib\u00e9rer en confiance.<\/li><li><strong>Favoriser des aides professionnelles<\/strong> : consulter psychologues ou coachs sp\u00e9cialis\u00e9s dans l\u2019accompagnement du deuil.<\/li><\/ul>\n\n<p>Ce dispositif, s\u2019il est mis en place avec bienveillance et adaptabilit\u00e9, devient le socle d\u2019une reprise d\u2019\u00e9nergie aussi bien physique qu\u2019\u00e9motionnelle.<\/p>\n\n<figure class=\"is-provider-youtube is-type-video wp-block-embed wp-block-embed-youtube wp-embed-aspect-16-9 wp-has-aspect-ratio\"><div class=\"wp-block-embed__wrapper\">\n<iframe loading=\"lazy\" title=\"UNE M\u00c8RE QUI A PERDU 3 DE SES 4 ENFANTS EXPLIQUE COMMENT ELLE ESSAYE DE TENIR LE CHOC (DEUIL, MARI\u2026)\" width=\"1200\" height=\"675\" src=\"https:\/\/www.youtube.com\/embed\/Xbymq0WejFc?feature=oembed\" frameborder=\"0\" allow=\"accelerometer; autoplay; clipboard-write; encrypted-media; gyroscope; picture-in-picture; web-share\" referrerpolicy=\"strict-origin-when-cross-origin\" allowfullscreen><\/iframe>\n<\/div><\/figure>\n\n<h2 class=\"wp-block-heading\"><span class=\"ez-toc-section\" id=\"La_maladie_rare_et_ses_consequences_quand_la_genetique_bouleverse_une_famille\"><\/span>La maladie rare et ses cons\u00e9quences : quand la g\u00e9n\u00e9tique bouleverse une famille<span class=\"ez-toc-section-end\"><\/span><\/h2>\n\n<p>La leucodystrophie m\u00e9tachromatique est une pathologie neurologique d\u00e9g\u00e9n\u00e9rative extr\u00eamement lourde \u00e0 vivre. Son caract\u00e8re g\u00e9n\u00e9tique h\u00e9r\u00e9ditaire, transmis de parents porteurs sains, fait basculer des familles enti\u00e8res dans un combat contre l\u2019in\u00e9luctable. Dans ce cadre, le t\u00e9moignage de cette m\u00e8re souligne une r\u00e9alit\u00e9 m\u00e9dicale complexe doubl\u00e9e d\u2019une dimension profond\u00e9ment humaine.<\/p>\n\n<p>Cette maladie affecte le syst\u00e8me nerveux central en paralysant progressivement les fonctions vitales : la motricit\u00e9, la parole, les sens puis la respiration. L\u2019esp\u00e9rance de vie des enfants concern\u00e9s reste malheureusement limit\u00e9e, en particulier sans traitement curatif d\u00e9finitif. Le parcours th\u00e9rapeutique propos\u00e9, incluant des greffes de moelle osseuse, vise \u00e0 ralentir la progression mais ne permet pas de gu\u00e9rir.<\/p>\n\n<p>Lorsqu\u2019une maladie rare est diagnostiqu\u00e9e, le diagnostic g\u00e9n\u00e9tique peut \u00e9clairer les familles sur les risques en amont des grossesses futures. Pourtant, cette connaissance ne prot\u00e8ge pas de la douleur ni de la possibilit\u00e9 d\u2019avoir \u00e0 accompagner un enfant gravement malade.<\/p>\n\n<p>Le tableau ci-dessous rappelle les principales caract\u00e9ristiques de cette maladie, soulignant le poids qu\u2019elle impose aux familles concern\u00e9es :<\/p>\n\n<figure class=\"wp-block-table\"><table>\n<thead>\n<tr>\n<th>Aspect<\/th>\n<th>Description<\/th>\n<th>Impact familial<\/th>\n<\/tr>\n<\/thead>\n<tbody>\n<tr>\n<td>Transmission<\/td>\n<td>Maladie g\u00e9n\u00e9tique autosomique r\u00e9cessive, parents porteurs sains<\/td>\n<td>Risque sur quatre \u00e0 chaque grossesse d\u2019avoir un enfant atteint<\/td>\n<\/tr>\n<tr>\n<td>Sympt\u00f4mes initiaux<\/td>\n<td>Perte progressive de motricit\u00e9, difficult\u00e9s de parole, troubles sensoriels<\/td>\n<td>Surveillance m\u00e9dicale intensive, ajustement du quotidien<\/td>\n<\/tr>\n<tr>\n<td>Pronostic<\/td>\n<td>Esp\u00e9rance de vie limit\u00e9e, \u00e9volutive vers un handicap profond<\/td>\n<td>Pr\u00e9paration au deuil, soutien psychologique renforc\u00e9<\/td>\n<\/tr>\n<tr>\n<td>Traitement<\/td>\n<td>Traitements palliatifs et greffe de moelle osseuse pour ralentir l\u2019\u00e9volution<\/td>\n<td>Hospitalisations longues, fatigue familiale accrue<\/td>\n<\/tr>\n<\/tbody>\n<\/table><\/figure>\n\n<p>Ce tableau synth\u00e9tise la lourdeur d\u2019une maladie rare et souligne la complexit\u00e9 au c\u0153ur de chaque d\u00e9cision familiale. Les parents, malgr\u00e9 une information claire, restent confront\u00e9s \u00e0 des questionnements lourds d\u2019incertitude et de responsabilit\u00e9.<\/p>\n\n<h2 class=\"wp-block-heading\"><span class=\"ez-toc-section\" id=\"Reconstruire_apres_la_disparition_accompagner_le_deuil_pour_ne_pas_sy_enfermer\"><\/span>Reconstruire apr\u00e8s la disparition : accompagner le deuil pour ne pas s\u2019y enfermer<span class=\"ez-toc-section-end\"><\/span><\/h2>\n\n<p>La disparition r\u00e9cente d\u2019un enfant laisse une \u00e9motion intense, encore \u00e0 vif, qui ne s\u2019efface pas mais \u00e9volue. Dans ce contexte d\u00e9licat, la m\u00e8re raconte son cheminement fragile, parfois entre ombre et lumi\u00e8re, refusant pour l\u2019instant de se projeter dans l\u2019avenir. Ses activit\u00e9s cr\u00e9atives, engag\u00e9es sans pression, comme l\u2019\u00e9criture de ses livres ou la r\u00e9alisation de documentaires, traduisent un besoin de transmettre, un hommage vivant \u00e0 ses enfants disparus.<\/p>\n\n<p>Cette d\u00e9marche artistique devient un v\u00e9ritable outil de r\u00e9silience et de m\u00e9moire. Elle permet \u00e0 la m\u00e8re de trouver un \u00e9quilibre fragile o\u00f9 s\u2019entrelacent souvenirs et espoirs, douleur et instants de joie. Ses d\u00e9clarations sur la coexistence possible de la souffrance et du bonheur \u00e0 l\u2019instant m\u00eame refl\u00e8tent toute la richesse d\u2019un deuil vrai, non lin\u00e9aire.<\/p>\n\n<p>Le couple adapte \u00e9galement ses trajectoires individuelles : le p\u00e8re choisit une nouvelle voie professionnelle, cherchant un \u00e9panouissement personnel dans le b\u00e2timent, tandis que la m\u00e8re prend le temps n\u00e9cessaire pour avancer \u00e0 son rythme. Ces choix traduisent la qu\u00eate d\u2019une forme de libert\u00e9 acquise \u00e0 la force des \u00e9preuves, une le\u00e7on d\u2019espoir et de courage.<\/p>\n\n<figure class=\"is-provider-youtube is-type-video wp-block-embed wp-block-embed-youtube wp-embed-aspect-16-9 wp-has-aspect-ratio\"><div class=\"wp-block-embed__wrapper\">\n<iframe loading=\"lazy\" title=\"J\u2019ai travers\u00e9 la mer pour nourrir mes enfants-T\u00e9moignage bouleversant d\u2019une m\u00e8re immigr\u00e9e\" width=\"1200\" height=\"675\" src=\"https:\/\/www.youtube.com\/embed\/GndrDoCZHoY?feature=oembed\" frameborder=\"0\" allow=\"accelerometer; autoplay; clipboard-write; encrypted-media; gyroscope; picture-in-picture; web-share\" referrerpolicy=\"strict-origin-when-cross-origin\" allowfullscreen><\/iframe>\n<\/div><\/figure>\n\n<p>Il est essentiel de rappeler ici que chaque famille, chaque m\u00e8re, chaque p\u00e8re, vit ces moments \u00e0 sa mesure. Aucun mod\u00e8le ni injonction ne saurait rendre justice \u00e0 cette singularit\u00e9. Toutefois, certaines ressources simples peuvent \u00eatre instaur\u00e9es imm\u00e9diatement, comme un rituel quotidien ou la r\u00e9daction d\u2019un journal intime, pour faciliter l\u2019expression des \u00e9motions. Il est aussi important de ne jamais s\u2019interdire les instants de joie, aussi fugaces soient-ils, car ils participent \u00e0 la reprise de souffle n\u00e9cessaire pour continuer de ch\u00e9rir la m\u00e9moire des enfants.<\/p>\n\n<p>Enfin, pour les parents en qu\u00eate de ressources pour accompagner leur famille au-del\u00e0 de la douleur, il est pertinent de consulter des guides d\u00e9di\u00e9s et de r\u00e9fl\u00e9chir \u00e0 des activit\u00e9s simples \u00e0 partager avec les autres enfants, comme les <a href=\"https:\/\/unjourunbebe.com\/blog\/cadeaux-faits-maison-pere\/\">cadeaux faits maison pour le p\u00e8re<\/a>, qui favorisent la cr\u00e9ation de souvenirs positifs au sein du foyer.<\/p>\n\n<script type=\"application\/ld+json\">\n{\"@context\":\"https:\/\/schema.org\",\"@type\":\"FAQPage\",\"mainEntity\":[{\"@type\":\"Question\",\"name\":\"Comment accompagner un enfant dans le processus de deuil ?\",\"acceptedAnswer\":{\"@type\":\"Answer\",\"text\":\"Il est important du2019instaurer un dialogue ouvert, du2019exprimer avec douceur les u00e9motions, et de maintenir un cadre su00e9curisant. Offrir des moments de parole libres et privilu00e9gier des rituels adaptu00e9s u00e0 son u00e2ge aide u00e0 canaliser ses ressentis.\"}},{\"@type\":\"Question\",\"name\":\"Quels sont les premiers signes du2019une maladie gu00e9nu00e9tique rare chez lu2019enfant ?\",\"acceptedAnswer\":{\"@type\":\"Answer\",\"text\":\"Les signaux incluent souvent des difficultu00e9s motrices, des troubles du langage ou sensoriels, mais peuvent u00eatre subtils au du00e9part. Dans le doute, une consultation neurologique et des examens gu00e9nu00e9tiques peuvent u00eatre envisagu00e9s.\"}},{\"@type\":\"Question\",\"name\":\"Comment pru00e9server le couple face u00e0 la perte du2019un enfant ?\",\"acceptedAnswer\":{\"@type\":\"Answer\",\"text\":\"Un dialogue honnu00eate et ru00e9gulier, le partage des u00e9motions respectives sans jugement, ainsi que le soutien mutuel sont des piliers. Consulter ensemble des thu00e9rapeutes spu00e9cialisu00e9s peut u00e9galement renforcer la cohu00e9sion.\"}},{\"@type\":\"Question\",\"name\":\"Quelles aides existent pour les familles confrontu00e9es u00e0 une maladie rare ?\",\"acceptedAnswer\":{\"@type\":\"Answer\",\"text\":\"De nombreux ru00e9seaux associatifs, services hospitaliers du00e9diu00e9s et professionnels de santu00e9 mentale accompagnent les familles. Une prise en charge pluridisciplinaire est primordiale pour offrir un soutien complet.\"}}]}\n<\/script>\n<h3>Comment accompagner un enfant dans le processus de deuil ?<\/h3>\n<p>Il est important d\u2019instaurer un dialogue ouvert, d\u2019exprimer avec douceur les \u00e9motions, et de maintenir un cadre s\u00e9curisant. Offrir des moments de parole libres et privil\u00e9gier des rituels adapt\u00e9s \u00e0 son \u00e2ge aide \u00e0 canaliser ses ressentis.<\/p>\n<h3>Quels sont les premiers signes d\u2019une maladie g\u00e9n\u00e9tique rare chez l\u2019enfant ?<\/h3>\n<p>Les signaux incluent souvent des difficult\u00e9s motrices, des troubles du langage ou sensoriels, mais peuvent \u00eatre subtils au d\u00e9part. Dans le doute, une consultation neurologique et des examens g\u00e9n\u00e9tiques peuvent \u00eatre envisag\u00e9s.<\/p>\n<h3>Comment pr\u00e9server le couple face \u00e0 la perte d\u2019un enfant ?<\/h3>\n<p>Un dialogue honn\u00eate et r\u00e9gulier, le partage des \u00e9motions respectives sans jugement, ainsi que le soutien mutuel sont des piliers. Consulter ensemble des th\u00e9rapeutes sp\u00e9cialis\u00e9s peut \u00e9galement renforcer la coh\u00e9sion.<\/p>\n<h3>Quelles aides existent pour les familles confront\u00e9es \u00e0 une maladie rare ?<\/h3>\n<p>De nombreux r\u00e9seaux associatifs, services hospitaliers d\u00e9di\u00e9s et professionnels de sant\u00e9 mentale accompagnent les familles. Une prise en charge pluridisciplinaire est primordiale pour offrir un soutien complet.<\/p>\n\n","protected":false},"excerpt":{"rendered":"<p>En bref : Ressentir l&rsquo;intensit\u00e9 du t\u00e9moignage poignant d&rsquo;une m\u00e8re face \u00e0 une double perte La perte de deux enfants est une \u00e9preuve d\u2019une intensit\u00e9 rare qui plonge une m\u00e8re et sa famille dans un ab\u00eeme de douleur et de questions sans r\u00e9ponse. Lorsque la maladie g\u00e9n\u00e9tique s\u2019invite dans le foyer, bouleversant les espoirs, le &#8230; <a title=\"T\u00e9moignage poignant : le r\u00e9cit bouleversant d&rsquo;une m\u00e8re ayant perdu deux enfants\" class=\"read-more\" href=\"https:\/\/unjourunbebe.com\/blog\/temoignage-mere-enfants\/\" aria-label=\"En savoir plus sur T\u00e9moignage poignant : le r\u00e9cit bouleversant d&rsquo;une m\u00e8re ayant perdu deux enfants\">Read more<\/a><\/p>\n","protected":false},"author":1,"featured_media":0,"comment_status":"open","ping_status":"closed","sticky":false,"template":"","format":"standard","meta":{"footnotes":""},"categories":[26],"tags":[],"class_list":["post-1695","post","type-post","status-publish","format-standard","hentry","category-enfant"],"_links":{"self":[{"href":"https:\/\/unjourunbebe.com\/blog\/wp-json\/wp\/v2\/posts\/1695","targetHints":{"allow":["GET"]}}],"collection":[{"href":"https:\/\/unjourunbebe.com\/blog\/wp-json\/wp\/v2\/posts"}],"about":[{"href":"https:\/\/unjourunbebe.com\/blog\/wp-json\/wp\/v2\/types\/post"}],"author":[{"embeddable":true,"href":"https:\/\/unjourunbebe.com\/blog\/wp-json\/wp\/v2\/users\/1"}],"replies":[{"embeddable":true,"href":"https:\/\/unjourunbebe.com\/blog\/wp-json\/wp\/v2\/comments?post=1695"}],"version-history":[{"count":0,"href":"https:\/\/unjourunbebe.com\/blog\/wp-json\/wp\/v2\/posts\/1695\/revisions"}],"wp:attachment":[{"href":"https:\/\/unjourunbebe.com\/blog\/wp-json\/wp\/v2\/media?parent=1695"}],"wp:term":[{"taxonomy":"category","embeddable":true,"href":"https:\/\/unjourunbebe.com\/blog\/wp-json\/wp\/v2\/categories?post=1695"},{"taxonomy":"post_tag","embeddable":true,"href":"https:\/\/unjourunbebe.com\/blog\/wp-json\/wp\/v2\/tags?post=1695"}],"curies":[{"name":"wp","href":"https:\/\/api.w.org\/{rel}","templated":true}]}}