{"id":1677,"date":"2026-03-06T07:15:42","date_gmt":"2026-03-06T07:15:42","guid":{"rendered":"https:\/\/unjourunbebe.com\/blog\/fete-grands-meres-hommage\/"},"modified":"2026-03-06T07:15:42","modified_gmt":"2026-03-06T07:15:42","slug":"fete-grands-meres-hommage","status":"publish","type":"post","link":"https:\/\/unjourunbebe.com\/blog\/fete-grands-meres-hommage\/","title":{"rendered":"C\u00e9l\u00e9brons la f\u00eate des grands-m\u00e8res  : un hommage plein de tendresse"},"content":{"rendered":"<p><strong>En bref :<\/strong><\/p>\n\n<ul class=\"wp-block-list\"><li><strong>La f\u00eate des grands-m\u00e8res<\/strong> est une c\u00e9l\u00e9bration annuelle qui honore l\u2019amour et la tendresse transmis entre g\u00e9n\u00e9rations.<\/li><li>Elle incite \u00e0 valoriser le r\u00f4le fondamental des grands-m\u00e8res dans la famille, entre souvenirs et affection durable.<\/li><li><strong>Les \u00e9changes interg\u00e9n\u00e9rationnels<\/strong> enrichissent les enfants en leur offrant rep\u00e8res et racines affectives indispensables.<\/li><li>Cette f\u00eate encourage la reconnaissance, le respect et le lien \u00e9motionnel entre petits-enfants et grands-m\u00e8res.<\/li><li>Des gestes simples et des rituels doux peuvent intensifier cette relation pr\u00e9cieuse et pleine de sens.<\/li><\/ul>\n\n<div id=\"ez-toc-container\" class=\"ez-toc-v2_0_82_2 counter-hierarchy ez-toc-counter ez-toc-grey ez-toc-container-direction\">\n<div class=\"ez-toc-title-container\">\n<p class=\"ez-toc-title\" style=\"cursor:inherit\">Sommaire<\/p>\n<span class=\"ez-toc-title-toggle\"><a href=\"#\" class=\"ez-toc-pull-right ez-toc-btn ez-toc-btn-xs ez-toc-btn-default ez-toc-toggle\" aria-label=\"Toggle Table of Content\"><span class=\"ez-toc-js-icon-con\"><span class=\"\"><span class=\"eztoc-hide\" style=\"display:none;\">Toggle<\/span><span class=\"ez-toc-icon-toggle-span\"><svg style=\"fill: #999;color:#999\" xmlns=\"http:\/\/www.w3.org\/2000\/svg\" class=\"list-377408\" width=\"20px\" height=\"20px\" viewBox=\"0 0 24 24\" fill=\"none\"><path d=\"M6 6H4v2h2V6zm14 0H8v2h12V6zM4 11h2v2H4v-2zm16 0H8v2h12v-2zM4 16h2v2H4v-2zm16 0H8v2h12v-2z\" fill=\"currentColor\"><\/path><\/svg><svg style=\"fill: #999;color:#999\" class=\"arrow-unsorted-368013\" xmlns=\"http:\/\/www.w3.org\/2000\/svg\" width=\"10px\" height=\"10px\" viewBox=\"0 0 24 24\" version=\"1.2\" baseProfile=\"tiny\"><path d=\"M18.2 9.3l-6.2-6.3-6.2 6.3c-.2.2-.3.4-.3.7s.1.5.3.7c.2.2.4.3.7.3h11c.3 0 .5-.1.7-.3.2-.2.3-.5.3-.7s-.1-.5-.3-.7zM5.8 14.7l6.2 6.3 6.2-6.3c.2-.2.3-.5.3-.7s-.1-.5-.3-.7c-.2-.2-.4-.3-.7-.3h-11c-.3 0-.5.1-.7.3-.2.2-.3.5-.3.7s.1.5.3.7z\"\/><\/svg><\/span><\/span><\/span><\/a><\/span><\/div>\n<nav><ul class='ez-toc-list ez-toc-list-level-1 eztoc-toggle-hide-by-default' ><li class='ez-toc-page-1 ez-toc-heading-level-2'><a class=\"ez-toc-link ez-toc-heading-1\" href=\"https:\/\/unjourunbebe.com\/blog\/fete-grands-meres-hommage\/#Lengagement_emotionnel_des_grands-meres_un_pilier_du_lien_familial\" >L\u2019engagement \u00e9motionnel des grands-m\u00e8res : un pilier du lien familial<\/a><\/li><li class='ez-toc-page-1 ez-toc-heading-level-2'><a class=\"ez-toc-link ez-toc-heading-2\" href=\"https:\/\/unjourunbebe.com\/blog\/fete-grands-meres-hommage\/#Le_role_fondamental_des_grands-meres_dans_leveil_et_le_developpement_emotionnel_de_lenfant\" >Le r\u00f4le fondamental des grands-m\u00e8res dans l\u2019\u00e9veil et le d\u00e9veloppement \u00e9motionnel de l\u2019enfant<\/a><\/li><li class='ez-toc-page-1 ez-toc-heading-level-2'><a class=\"ez-toc-link ez-toc-heading-3\" href=\"https:\/\/unjourunbebe.com\/blog\/fete-grands-meres-hommage\/#Celebrer_avec_sens_idees_pour_une_fete_des_grands-meres_pleine_demotion_et_dauthenticite\" >C\u00e9l\u00e9brer avec sens : id\u00e9es pour une f\u00eate des grands-m\u00e8res pleine d\u2019\u00e9motion et d\u2019authenticit\u00e9<\/a><\/li><li class='ez-toc-page-1 ez-toc-heading-level-2'><a class=\"ez-toc-link ez-toc-heading-4\" href=\"https:\/\/unjourunbebe.com\/blog\/fete-grands-meres-hommage\/#Les_grands-meres_gardiennes_des_traditions_et_creatrices_de_souvenirs_affectifs_durables\" >Les grands-m\u00e8res : gardiennes des traditions et cr\u00e9atrices de souvenirs affectifs durables<\/a><\/li><li class='ez-toc-page-1 ez-toc-heading-level-2'><a class=\"ez-toc-link ez-toc-heading-5\" href=\"https:\/\/unjourunbebe.com\/blog\/fete-grands-meres-hommage\/#Respect_et_gratitude_cultiver_le_lien_sacre_avec_les_grands-meres_au_quotidien\" >Respect et gratitude : cultiver le lien sacr\u00e9 avec les grands-m\u00e8res au quotidien<\/a><\/li><\/ul><\/nav><\/div>\n<h2 class=\"wp-block-heading\"><span class=\"ez-toc-section\" id=\"Lengagement_emotionnel_des_grands-meres_un_pilier_du_lien_familial\"><\/span>L\u2019engagement \u00e9motionnel des grands-m\u00e8res : un pilier du lien familial<span class=\"ez-toc-section-end\"><\/span><\/h2>\n\n<p>La f\u00eate des grands-m\u00e8res, chaque premier dimanche de mars, invite \u00e0 une pause douce o\u00f9 l\u2019on c\u00e9l\u00e8bre la profondeur des liens tiss\u00e9s entre g\u00e9n\u00e9rations. Au-del\u00e0 d\u2019un simple moment festif, il s\u2019agit d\u2019un hommage \u00e0 ces femmes souvent discr\u00e8tes, mais essentielles, qui fa\u00e7onnent la m\u00e9moire vivante de la famille. Leur tendresse s\u2019exprime par une pr\u00e9sence constante, une affection inconditionnelle et une \u00e9coute attentive, autant de fondements pour la construction affective des enfants et le soutien \u00e9motionnel des parents.<\/p>\n\n<p>Les grands-m\u00e8res incarnent souvent un refuge rassurant dans le tourbillon des vies modernes. Leur patience et leur douceur construisent un cocon o\u00f9 petits et grands peuvent puiser s\u00e9r\u00e9nit\u00e9 et confiance. En tant que figures d\u2019exp\u00e9rience, elles transmettent bien plus que des connaissances\u202f: un h\u00e9ritage affectif irrempla\u00e7able. Par exemple, offrir un temps de lecture partag\u00e9 ou un simple geste de c\u00e2lin instaure un climat de s\u00e9curit\u00e9 favorisant l\u2019expression des \u00e9motions.<\/p>\n\n<p>Pour les familles, reconna\u00eetre ce r\u00f4le par une c\u00e9l\u00e9bration sinc\u00e8re nourrit le respect et valorise cette richesse relationnelle. Cette reconnaissance est un acte essentiel qui d\u00e9passe les cadeaux ou les festivit\u00e9s, voici comment :<\/p>\n\n<ul class=\"wp-block-list\"><li>Inscrire la gratitude au c\u0153ur des \u00e9changes, par des paroles ou des petits gestes spontan\u00e9s.<\/li><li>Soutenir les grands-m\u00e8res dans leur r\u00f4le social et affectif en favorisant leur participation active dans la vie des enfants.<\/li><li>Veiller \u00e0 offrir des espaces d\u2019\u00e9coute r\u00e9ciproque, o\u00f9 chaque g\u00e9n\u00e9ration se sent accueillie dans sa singularit\u00e9.<\/li><\/ul>\n\n<p>Ainsi, la f\u00eate des grands-m\u00e8res peut s\u2019apparenter \u00e0 un v\u00e9ritable rituel familial qui entretient la tendresse et forge une m\u00e9moire commune tourn\u00e9e vers l\u2019avenir, enracin\u00e9e dans le pass\u00e9.<\/p>\n\n<figure class=\"wp-block-image size-full\"><img loading=\"lazy\" decoding=\"async\" width=\"1344\" height=\"768\" src=\"https:\/\/unjourunbebe.com\/blog\/wp-content\/uploads\/2026\/03\/Celebrons-la-fete-des-grands-meres-un-hommage-plein-de-tendresse-1.jpg\" alt=\"d\u00e9couvrez comment c\u00e9l\u00e9brer la f\u00eate des grands-m\u00e8res avec un hommage rempli de tendresse et d&#039;amour, pour honorer ces femmes pr\u00e9cieuses.\" class=\"wp-image-1676\" srcset=\"https:\/\/unjourunbebe.com\/blog\/wp-content\/uploads\/2026\/03\/Celebrons-la-fete-des-grands-meres-un-hommage-plein-de-tendresse-1.jpg 1344w, https:\/\/unjourunbebe.com\/blog\/wp-content\/uploads\/2026\/03\/Celebrons-la-fete-des-grands-meres-un-hommage-plein-de-tendresse-1-300x171.jpg 300w, https:\/\/unjourunbebe.com\/blog\/wp-content\/uploads\/2026\/03\/Celebrons-la-fete-des-grands-meres-un-hommage-plein-de-tendresse-1-1024x585.jpg 1024w, https:\/\/unjourunbebe.com\/blog\/wp-content\/uploads\/2026\/03\/Celebrons-la-fete-des-grands-meres-un-hommage-plein-de-tendresse-1-768x439.jpg 768w\" sizes=\"auto, (max-width: 1344px) 100vw, 1344px\" \/><\/figure>\n\n<h2 class=\"wp-block-heading\"><span class=\"ez-toc-section\" id=\"Le_role_fondamental_des_grands-meres_dans_leveil_et_le_developpement_emotionnel_de_lenfant\"><\/span>Le r\u00f4le fondamental des grands-m\u00e8res dans l\u2019\u00e9veil et le d\u00e9veloppement \u00e9motionnel de l\u2019enfant<span class=\"ez-toc-section-end\"><\/span><\/h2>\n\n<p>Les grands-m\u00e8res jouent un r\u00f4le compl\u00e9mentaire majeur dans le parcours de d\u00e9veloppement des tout-petits, en offrant une forme d\u2019attention et de douceur particuli\u00e8rement pr\u00e9cieuse. Toute relation affective stable contribue \u00e0 la construction du capital \u00e9motionnel de l\u2019enfant, indispensable pour une s\u00e9curit\u00e9 int\u00e9rieure durable. La tendresse que prodiguent les grands-m\u00e8res, conjugu\u00e9e \u00e0 leur attention fine, nourrit le sentiment d\u2019appartenance et la confiance essentielle au miel de la petite enfance.<\/p>\n\n<p>Cette pr\u00e9sence affectueuse a des retomb\u00e9es concr\u00e8tes sur le bien-\u00eatre et l\u2019\u00e9veil de l\u2019enfant. Par exemple, un regard empli de complicit\u00e9 ou un contact peau \u00e0 peau favorisent la r\u00e9gulation du stress, influencent positivement le d\u00e9veloppement du cerveau et \u00e9tablissent un socle s\u00e9curisant au sein duquel l\u2019enfant peut s\u2019\u00e9panouir. Les grands-m\u00e8res apportent aussi une richesse d\u2019exp\u00e9riences, des r\u00e9cits d\u2019enfance ou des traditions familiales qui nourrissent la curiosit\u00e9 et le sentiment d\u2019identit\u00e9 du plus jeune.<\/p>\n\n<p>Leur implication dans le quotidien peut se traduire par des activit\u00e9s vari\u00e9es qui stimulent \u00e0 la fois les sens et la pens\u00e9e : promenades contemplatives, jeux de mains, chansons douces ou lectures po\u00e9tiques. Ces moments de partage d\u00e9veloppent non seulement les capacit\u00e9s cognitives mais aussi la qualit\u00e9 du lien \u00e9motionnel. La cl\u00e9 r\u00e9side dans une approche bienveillante, respectueuse du rythme de l\u2019enfant et attentive \u00e0 ses besoins uniques.<\/p>\n\n<p>Il est aussi important de consid\u00e9rer le r\u00f4le des grands-m\u00e8res comme facilitatrices du lien familial : elles cr\u00e9ent souvent un pont entre parents et enfants, offrant un espace de confiance indispensable aux \u00e9changes et au soutien mutuel. Ce r\u00f4le de m\u00e9diatrices affectives s\u2019av\u00e8re pr\u00e9cieux lorsque le rythme effr\u00e9n\u00e9 de la parentalit\u00e9 peut parfois laisser place \u00e0 la fatigue ou au doute.<\/p>\n\n<h3 class=\"wp-block-heading\">Actions concr\u00e8tes pour renforcer ce lien affectif<\/h3>\n\n<ul class=\"wp-block-list\"><li>Proposer des activit\u00e9s calmes favorisant la proximit\u00e9, comme le chant ou le massage doux.<\/li><li>Favoriser la transmission d\u2019histoires familiales pour nourrir le sentiment d\u2019appartenance et l\u2019imaginaire.<\/li><li>Prendre le temps d\u2019observer et d\u2019adapter les \u00e9changes aux \u00e9motions et r\u00e9actions de l\u2019enfant.<\/li><\/ul>\n\n<p>Ainsi, les grands-m\u00e8res ne sont pas que des rep\u00e8res historiques, elles deviennent des alli\u00e9es affectives indispensables qui enrichissent le parcours \u00e9motionnel de la famille par leur douceur et leur bienveillance.<\/p>\n\n<figure class=\"is-provider-youtube is-type-video wp-block-embed wp-block-embed-youtube wp-embed-aspect-16-9 wp-has-aspect-ratio\"><div class=\"wp-block-embed__wrapper\">\n<iframe loading=\"lazy\" title=\"Chanson pour la F\u00eate des Mamies \u2013 Hommage Musical pour la F\u00eate des Grand\u2011M\u00e8res. Bonne F\u00eate Mamie !\" width=\"1200\" height=\"675\" src=\"https:\/\/www.youtube.com\/embed\/f4mghkDU3Zw?feature=oembed\" frameborder=\"0\" allow=\"accelerometer; autoplay; clipboard-write; encrypted-media; gyroscope; picture-in-picture; web-share\" referrerpolicy=\"strict-origin-when-cross-origin\" allowfullscreen><\/iframe>\n<\/div><\/figure>\n\n<h2 class=\"wp-block-heading\"><span class=\"ez-toc-section\" id=\"Celebrer_avec_sens_idees_pour_une_fete_des_grands-meres_pleine_demotion_et_dauthenticite\"><\/span>C\u00e9l\u00e9brer avec sens : id\u00e9es pour une f\u00eate des grands-m\u00e8res pleine d\u2019\u00e9motion et d\u2019authenticit\u00e9<span class=\"ez-toc-section-end\"><\/span><\/h2>\n\n<p>Incarner la f\u00eate des grands-m\u00e8res autrement qu\u2019\u00e0 travers des cadeaux commerciaux permet de cr\u00e9er un moment unique et p\u00e9renne en famille. Ce rendez-vous peut \u00eatre une invitation \u00e0 la d\u00e9couverte, au partage sinc\u00e8re et \u00e0 la reconnaissance, porteur d\u2019une \u00e9motion vraie. En 2026, c\u00e9l\u00e9brer avec attention signifie privil\u00e9gier l\u2019essentiel : le lien, la tendresse et les souvenirs construits ensemble.<\/p>\n\n<p>Quelques pistes pour vivre ce temps de c\u00e9l\u00e9bration pleinement :<\/p>\n\n<ul class=\"wp-block-list\"><li><strong>Organiser un atelier cr\u00e9atif<\/strong> o\u00f9 petits et grands r\u00e9alisent un carnet de souvenirs : photos, anecdotes, dessins. Ce support concret devient un tr\u00e9sor affectif transmis aux g\u00e9n\u00e9rations futures.<\/li><li><strong>Pr\u00e9parer des temps de lectured\u00e9di\u00e9s<\/strong> en se plongeant dans des contes ou po\u00e8mes choisis, invitant \u00e0 l\u2019\u00e9merveillement et au calme. Ces instants partag\u00e9s favorisent une communication douce et apais\u00e9e.<\/li><li><strong>Instaurer un rituel d\u2019affection<\/strong> simple, comme un \u00e9change de lettres ou de mots doux, d\u00e9livr\u00e9 en pleine conscience, qui incarne un hommage personnel.<\/li><\/ul>\n\n<p>Loin des artifices, l\u2019intensit\u00e9 de la f\u00eate des grands-m\u00e8res repose sur la qualit\u00e9 du moment offert. Reconna\u00eetre la valeur de ces femmes exceptionnelles \u00e0 travers des gestes empreints d\u2019attention fine et de respect conforte leur place dans la famille et stimule leur bonheur.<\/p>\n\n<p>Les donn\u00e9es r\u00e9centes montrent que les relations interg\u00e9n\u00e9rationnelles contribuent durablement \u00e0 la sant\u00e9 \u00e9motionnelle de chacun. Pour renforcer cette dynamique, favoriser la pr\u00e9sence r\u00e9guli\u00e8re des grands-m\u00e8res aupr\u00e8s des enfants, dans un cadre respectueux et aimant, rev\u00eat une importance capitale.<\/p>\n\n<h3 class=\"wp-block-heading\">Exemple d\u2019un programme doux pour une journ\u00e9e m\u00e9morable<\/h3>\n\n<figure class=\"wp-block-table\"><table>\n<thead>\n<tr>\n<th>Moment<\/th>\n<th>Activit\u00e9<\/th>\n<th>Objectif<\/th>\n<\/tr>\n<\/thead>\n<tbody>\n<tr>\n<td>Matin<\/td>\n<td>Balade en nature avec discussion sur les souvenirs d\u2019enfance<\/td>\n<td>Cr\u00e9er un dialogue interg\u00e9n\u00e9rationnel enrichi par des anecdotes<\/td>\n<\/tr>\n<tr>\n<td>D\u00e9jeuner<\/td>\n<td>Repas partag\u00e9 avec plats traditionnels transmis par la grand-m\u00e8re<\/td>\n<td>Valoriser les traditions familiales et le go\u00fbt du lien<\/td>\n<\/tr>\n<tr>\n<td>Apr\u00e8s-midi<\/td>\n<td>Atelier d\u2019\u00e9criture\/dessin sur le th\u00e8me \u00ab Ce que j\u2019aime chez ma grand-m\u00e8re \u00bb<\/td>\n<td>Renforcer l\u2019expression affective et la cr\u00e9ativit\u00e9<\/td>\n<\/tr>\n<tr>\n<td>Soir\u00e9e<\/td>\n<td>\u00c9change de lettres ou de mots doux au coin du feu<\/td>\n<td>Consolider la tendresse et le respect mutuel<\/td>\n<\/tr>\n<\/tbody>\n<\/table><\/figure>\n\n<figure class=\"is-provider-youtube is-type-video wp-block-embed wp-block-embed-youtube wp-embed-aspect-16-9 wp-has-aspect-ratio\"><div class=\"wp-block-embed__wrapper\">\n<iframe loading=\"lazy\" title=\"Maman\ud83d\udc97\ud83d\udc97\ud83d\udc97\ud83d\udc97\ud83d\udc97\" width=\"1200\" height=\"675\" src=\"https:\/\/www.youtube.com\/embed\/wkZEAtsFBzE?feature=oembed\" frameborder=\"0\" allow=\"accelerometer; autoplay; clipboard-write; encrypted-media; gyroscope; picture-in-picture; web-share\" referrerpolicy=\"strict-origin-when-cross-origin\" allowfullscreen><\/iframe>\n<\/div><\/figure>\n\n<h2 class=\"wp-block-heading\"><span class=\"ez-toc-section\" id=\"Les_grands-meres_gardiennes_des_traditions_et_creatrices_de_souvenirs_affectifs_durables\"><\/span>Les grands-m\u00e8res : gardiennes des traditions et cr\u00e9atrices de souvenirs affectifs durables<span class=\"ez-toc-section-end\"><\/span><\/h2>\n\n<p>Les grands-m\u00e8res jouent un r\u00f4le singulier dans la transmission des coutumes familiales et culturelles, une fonction pr\u00e9cieuse dans un monde en constante \u00e9volution. Elles sont souvent les d\u00e9positaires d\u2019histoires, d\u2019anecdotes et de savoir-faire, qu\u2019elles transmettent avec une tendresse empreinte de respect pour le temps pass\u00e9 et les valeurs port\u00e9es.<\/p>\n\n<p>Cette transmission nourrit le sentiment d\u2019appartenance des plus jeunes et leur offre une boussole affective pour grandir en confiance. En effet, s\u2019inscrire dans une lign\u00e9e enrichie par les r\u00e9cits et gestes transmis permet \u00e0 l\u2019enfant et au parent d\u2019\u00e9tablir un lien plus profond avec leurs racines, essentiel pour une identit\u00e9 stable.<\/p>\n\n<p>Dans la construction de souvenirs familiaux, l\u2019implication des grands-m\u00e8res est d\u00e9terminante. Elles sont souvent \u00e0 l\u2019initiative de f\u00eates traditionnelles, de recettes transmises ou de rituels partag\u00e9s, autant d\u2019occasions de tisser des liens affectifs authentiques et durables. Ce r\u00f4le devient un v\u00e9ritable levier de coh\u00e9sion et de tendresse dans le cercle familial.<\/p>\n\n<p>Il est important de soutenir cette dynamique en encourageant le dialogue entre g\u00e9n\u00e9rations et en valorisant chaque transmission. Ce respect mutuel du v\u00e9cu et des \u00e9motions cr\u00e9e un espace o\u00f9 chacun peut s\u2019\u00e9panouir en harmonie. La f\u00eate des grands-m\u00e8res est ainsi un moment privil\u00e9gi\u00e9 pour mettre en lumi\u00e8re ce r\u00f4le majeur.<\/p>\n\n<h3 class=\"wp-block-heading\">Les b\u00e9n\u00e9fices \u00e9motionnels d\u2019une transmission attentive<\/h3>\n\n<ul class=\"wp-block-list\"><li>Consolider l\u2019estime de soi chez les enfants par la valorisation de leur histoire.<\/li><li>Permettre aux grands-m\u00e8res de ressentir une place reconnue et valoris\u00e9e.<\/li><li>Renforcer les liens familiaux \u00e0 travers des exp\u00e9riences partag\u00e9es m\u00ealant affection et apprentissage.<\/li><\/ul>\n\n<h2 class=\"wp-block-heading\"><span class=\"ez-toc-section\" id=\"Respect_et_gratitude_cultiver_le_lien_sacre_avec_les_grands-meres_au_quotidien\"><\/span>Respect et gratitude : cultiver le lien sacr\u00e9 avec les grands-m\u00e8res au quotidien<span class=\"ez-toc-section-end\"><\/span><\/h2>\n\n<p>Au-del\u00e0 d\u2019une seule journ\u00e9e de c\u00e9l\u00e9bration, le respect et la gratitude envers les grands-m\u00e8res se cultivent au fil du temps, dans la constance de petites attentions qui renforcent le lien. Chaque geste tendre, chaque moment partag\u00e9, participe \u00e0 un tissage patient d\u2019une relation riche en \u00e9motions positives.<\/p>\n\n<p>Ces pratiques simples peuvent s\u2019inscrire naturellement dans la vie quotidienne :<\/p>\n\n<ul class=\"wp-block-list\"><li>Prendre le temps d\u2019un appel r\u00e9gulier, porteur de nouvelles et d\u2019\u00e9coute attentive.<\/li><li>Envoyer une carte ou un message personnalis\u00e9 pour t\u00e9moigner de sa pens\u00e9e affectueuse.<\/li><li>Inclure la grand-m\u00e8re dans les d\u00e9cisions familiales importantes pour signifier son r\u00f4le central.<\/li><li>Inviter \u00e0 partager des repas et des moments de convivialit\u00e9 sans attente excessive.<\/li><\/ul>\n\n<p>\u00c0 travers ces attentions, la famille v\u00e9hicule un message clair : la valeur et la place unique de la grand-m\u00e8re ne sont pas temporaires ou accessoires, mais bien une pierre angulaire de l\u2019\u00e9quilibre collectif.<\/p>\n\n<p>Cette constance bienveillante cr\u00e9e un climat de confiance s\u00e9curisant pour toutes les g\u00e9n\u00e9rations. Elle invite aussi \u00e0 une posture humble o\u00f9 chaque membre ressent qu\u2019il peut \u00eatre entendu, respect\u00e9 et aim\u00e9. Dans ce cadre, la f\u00eate des grands-m\u00e8res devient une c\u00e9l\u00e9bration prolong\u00e9e dans le temps, une reconnexion profonde \u00e0 un amour qui unit au-del\u00e0 de toutes les diff\u00e9rences.<\/p>\n\n<script type=\"application\/ld+json\">\n{\"@context\":\"https:\/\/schema.org\",\"@type\":\"FAQPage\",\"mainEntity\":[{\"@type\":\"Question\",\"name\":\"Quand a u00e9tu00e9 cru00e9u00e9e la fu00eate des grands-mu00e8res ?\",\"acceptedAnswer\":{\"@type\":\"Answer\",\"text\":\"La fu00eate des grands-mu00e8res a u00e9tu00e9 lancu00e9e en 1987 par une marque de cafu00e9, u00e0 lu2019origine plutu00f4t commerciale, mais elle a su su2019imposer comme un moment de cu00e9lu00e9bration authentique et affectueuse.\"}},{\"@type\":\"Question\",\"name\":\"Pourquoi honorer les grands-mu00e8res dans la famille ?\",\"acceptedAnswer\":{\"@type\":\"Answer\",\"text\":\"Les grands-mu00e8res jouent un ru00f4le affectif et u00e9ducatif essentiel en transmettant des valeurs, des traditions et en offrant un soutien u00e9motionnel pru00e9cieux u00e0 leurs petits-enfants et u00e0 leurs enfants.\"}},{\"@type\":\"Question\",\"name\":\"Comment cu00e9lu00e9brer la fu00eate des grands-mu00e8res de maniu00e8re significative ?\",\"acceptedAnswer\":{\"@type\":\"Answer\",\"text\":\"Privilu00e9gier des moments de partage, des u00e9changes sincu00e8res, des activitu00e9s cru00e9atives ou des rituels simples pour renforcer le lien et exprimer lu2019affection et le respect au-delu00e0 des cadeaux matu00e9riels.\"}},{\"@type\":\"Question\",\"name\":\"Quels sont les bienfaits des relations entre grands-mu00e8res et petits-enfants ?\",\"acceptedAnswer\":{\"@type\":\"Answer\",\"text\":\"Ces relations offrent un soutien u00e9motionnel stable, enrichissent le du00e9veloppement affectif des enfants, et renforcent les liens familiaux dans un climat de tendresse et de complicitu00e9.\"}},{\"@type\":\"Question\",\"name\":\"Comment entretenir la relation avec une grand-mu00e8re tout au long de lu2019annu00e9e ?\",\"acceptedAnswer\":{\"@type\":\"Answer\",\"text\":\"Maintenir une communication ru00e9guliu00e8re, partager des moments conviviaux, tu00e9moigner de la reconnaissance par de petites attentions, et inclure les grands-mu00e8res dans la vie familiale.\"}}]}\n<\/script>\n<h3>Quand a \u00e9t\u00e9 cr\u00e9\u00e9e la f\u00eate des grands-m\u00e8res ?<\/h3>\n<p>La f\u00eate des grands-m\u00e8res a \u00e9t\u00e9 lanc\u00e9e en 1987 par une marque de caf\u00e9, \u00e0 l\u2019origine plut\u00f4t commerciale, mais elle a su s\u2019imposer comme un moment de c\u00e9l\u00e9bration authentique et affectueuse.<\/p>\n<h3>Pourquoi honorer les grands-m\u00e8res dans la famille ?<\/h3>\n<p>Les grands-m\u00e8res jouent un r\u00f4le affectif et \u00e9ducatif essentiel en transmettant des valeurs, des traditions et en offrant un soutien \u00e9motionnel pr\u00e9cieux \u00e0 leurs petits-enfants et \u00e0 leurs enfants.<\/p>\n<h3>Comment c\u00e9l\u00e9brer la f\u00eate des grands-m\u00e8res de mani\u00e8re significative ?<\/h3>\n<p>Privil\u00e9gier des moments de partage, des \u00e9changes sinc\u00e8res, des activit\u00e9s cr\u00e9atives ou des rituels simples pour renforcer le lien et exprimer l\u2019affection et le respect au-del\u00e0 des cadeaux mat\u00e9riels.<\/p>\n<h3>Quels sont les bienfaits des relations entre grands-m\u00e8res et petits-enfants ?<\/h3>\n<p>Ces relations offrent un soutien \u00e9motionnel stable, enrichissent le d\u00e9veloppement affectif des enfants, et renforcent les liens familiaux dans un climat de tendresse et de complicit\u00e9.<\/p>\n<h3>Comment entretenir la relation avec une grand-m\u00e8re tout au long de l\u2019ann\u00e9e ?<\/h3>\n<p>Maintenir une communication r\u00e9guli\u00e8re, partager des moments conviviaux, t\u00e9moigner de la reconnaissance par de petites attentions, et inclure les grands-m\u00e8res dans la vie familiale.<\/p>\n\n","protected":false},"excerpt":{"rendered":"<p>En bref : L\u2019engagement \u00e9motionnel des grands-m\u00e8res : un pilier du lien familial La f\u00eate des grands-m\u00e8res, chaque premier dimanche de mars, invite \u00e0 une pause douce o\u00f9 l\u2019on c\u00e9l\u00e8bre la profondeur des liens tiss\u00e9s entre g\u00e9n\u00e9rations. Au-del\u00e0 d\u2019un simple moment festif, il s\u2019agit d\u2019un hommage \u00e0 ces femmes souvent discr\u00e8tes, mais essentielles, qui fa\u00e7onnent &#8230; <a title=\"C\u00e9l\u00e9brons la f\u00eate des grands-m\u00e8res  : un hommage plein de tendresse\" class=\"read-more\" href=\"https:\/\/unjourunbebe.com\/blog\/fete-grands-meres-hommage\/\" aria-label=\"En savoir plus sur C\u00e9l\u00e9brons la f\u00eate des grands-m\u00e8res  : un hommage plein de tendresse\">Read more<\/a><\/p>\n","protected":false},"author":1,"featured_media":1675,"comment_status":"open","ping_status":"closed","sticky":false,"template":"","format":"standard","meta":{"footnotes":""},"categories":[28],"tags":[],"class_list":["post-1677","post","type-post","status-publish","format-standard","has-post-thumbnail","hentry","category-parent"],"_links":{"self":[{"href":"https:\/\/unjourunbebe.com\/blog\/wp-json\/wp\/v2\/posts\/1677","targetHints":{"allow":["GET"]}}],"collection":[{"href":"https:\/\/unjourunbebe.com\/blog\/wp-json\/wp\/v2\/posts"}],"about":[{"href":"https:\/\/unjourunbebe.com\/blog\/wp-json\/wp\/v2\/types\/post"}],"author":[{"embeddable":true,"href":"https:\/\/unjourunbebe.com\/blog\/wp-json\/wp\/v2\/users\/1"}],"replies":[{"embeddable":true,"href":"https:\/\/unjourunbebe.com\/blog\/wp-json\/wp\/v2\/comments?post=1677"}],"version-history":[{"count":0,"href":"https:\/\/unjourunbebe.com\/blog\/wp-json\/wp\/v2\/posts\/1677\/revisions"}],"wp:featuredmedia":[{"embeddable":true,"href":"https:\/\/unjourunbebe.com\/blog\/wp-json\/wp\/v2\/media\/1675"}],"wp:attachment":[{"href":"https:\/\/unjourunbebe.com\/blog\/wp-json\/wp\/v2\/media?parent=1677"}],"wp:term":[{"taxonomy":"category","embeddable":true,"href":"https:\/\/unjourunbebe.com\/blog\/wp-json\/wp\/v2\/categories?post=1677"},{"taxonomy":"post_tag","embeddable":true,"href":"https:\/\/unjourunbebe.com\/blog\/wp-json\/wp\/v2\/tags?post=1677"}],"curies":[{"name":"wp","href":"https:\/\/api.w.org\/{rel}","templated":true}]}}